{"id":21060,"date":"2024-12-27T19:37:12","date_gmt":"2024-12-27T19:37:12","guid":{"rendered":"http:\/\/staging.ibermusicas.org\/?p=21060"},"modified":"2025-02-27T16:29:07","modified_gmt":"2025-02-27T16:29:07","slug":"el-francisco-lelo-de-larrea-5uintet-se-presentara-en-el-festival-internacional-jazz-plaza-de-la-habana-cuba","status":"publish","type":"post","link":"http:\/\/staging.ibermusicas.org\/index.php\/el-francisco-lelo-de-larrea-5uintet-se-presentara-en-el-festival-internacional-jazz-plaza-de-la-habana-cuba\/","title":{"rendered":"El \u201cFrancisco Lelo de Larrea 5uintet\u201d se presentar\u00e1 en el Festival Internacional Jazz Plaza de La Habana, Cuba"},"content":{"rendered":"<p>Nacido en Monterrey, N.L, Francisco Lelo es Licenciado en Jazz con especialidad en guitarra, egresado de la Escuela Superior de M\u00fasica del INBAL.Tiene el grado de maestr\u00eda Master in Jazz Performance, cursado en Aaron Copland School of Music, en Queens College,New York. Se ha desempe\u00f1ado como compositor y l\u00edder de proyectos, y se ha presentado en importantes escenarios y festivales tanto en M\u00e9xico como en Centroam\u00e9rica, Sudam\u00e9rica, Europa, Estados Unidos, Malasia, Singapur y la India.<\/p>\n<p>&nbsp;<\/p>\n<p>Como docente ha impartido clases, cursos, cl\u00ednicas y conciertos did\u00e1cticos en los m\u00e1s importantes seminarios y escuelas de m\u00fasica en M\u00e9xico.Form\u00f3 parte de la academia docente de Swarnabhoomi Academy of Music en Chennai, India, durante el 2017. Tambi\u00e9n realiz\u00f3 una residencia impartiendo un seminario de Jazz en la Universidad de las Artes (ISA) en la Habana, Cuba (2018).<\/p>\n<p>&nbsp;<\/p>\n<p>Francisco Lelo de Larrea 5uintet es un proyecto fundado en 2003 con el af\u00e1n de aportar una nueva propuesta y sonido al movimiento del Jazz hecho en M\u00e9xico as\u00ed como a la escena internacional. Busca trazar un nuevo camino y tendencia en el arte del Jazz, a trav\u00e9s de composiciones y arreglos originales inspirados en el Jazz tradicional, el Swing el Hard bop, el Jazz contempor\u00e1neo hasta experimentar con variados tintes de Rock y Soul.<\/p>\n<p>&nbsp;<\/p>\n<p>El quinteto est\u00e1 tambi\u00e9n conformado por Jako Gonz\u00e1lez Grau (saxof\u00f3n alto) Reinier Toledo (Tromb\u00f3n), Luri Molina (Contrabajo) y Gabriel Puentes (bater\u00eda), m\u00fasicos por dem\u00e1s destacados en la escena del Jazz mexicano e internacional, que adem\u00e1s de proyectar el virtuosismo y una fina maestr\u00eda en su instrumento, aportan con su musicalidad, sonido y buen gusto, un realce y fuerza a las composiciones.<\/p>\n<p>&nbsp;<\/p>\n<p>Cuenta con una producci\u00f3n discogr\u00e1fica titulada \u201cFrancisco Lelo de Larrea 5uinteto!\u201d (2007) la cual se ha presentado en los m\u00e1s importantes festivales del pa\u00eds a lo largo de su trayectoria de m\u00e1s de quince a\u00f1os. En 2022 realiz\u00f3 su m\u00e1s reciente producci\u00f3n discogr\u00e1fica \u201cAtaraxia\u201d grabada en New York, donde participan los internacionalmente renombrados Antonio Sanchez en la bater\u00eda, David Binney en sax, Elliot Mason en tromb\u00f3n y Scott Colley contrabajo.<\/p>\n<p>&nbsp;<\/p>\n<p>La presencia del Francisco Lelo de Larrea 5uinteto en Cuba se hace posible gracias al apoyo del Programa Iberm\u00fasicas mediante su l\u00ednea de \u201cAyudas a la movilidad de m\u00fasicas y m\u00fasicos\u201d, convocatoria 2024.<\/p>\n<p><strong>\u00a0<\/strong><\/p>\n<ul>\n<li>26 de enero al 2 de febrero, 40.\u00aa edici\u00f3n del Festival Jazz Plaza en La Habana, Santa Clara y Santiago de Cuba<\/li>\n<\/ul>\n","protected":false},"excerpt":{"rendered":"<p>Nacido en Monterrey, N.L, Francisco Lelo es Licenciado en Jazz con especialidad en guitarra, egresado de la Escuela Superior de M\u00fasica del INBAL.Tiene el grado de maestr\u00eda Master in Jazz Performance, cursado en Aaron Copland School of Music, en Queens College,New York. Se ha desempe\u00f1ado como compositor y l\u00edder de proyectos, y se ha presentado [&hellip;]<\/p>\n","protected":false},"author":7,"featured_media":21061,"comment_status":"closed","ping_status":"closed","sticky":false,"template":"","format":"standard","meta":{"footnotes":""},"categories":[53],"tags":[],"class_list":["post-21060","post","type-post","status-publish","format-standard","has-post-thumbnail","hentry","category-noticias-generales"],"lang":"es","translations":{"es":21060,"pt":21063},"pll_sync_post":[],"post_mailing_queue_ids":[],"_links":{"self":[{"href":"http:\/\/staging.ibermusicas.org\/index.php\/wp-json\/wp\/v2\/posts\/21060","targetHints":{"allow":["GET"]}}],"collection":[{"href":"http:\/\/staging.ibermusicas.org\/index.php\/wp-json\/wp\/v2\/posts"}],"about":[{"href":"http:\/\/staging.ibermusicas.org\/index.php\/wp-json\/wp\/v2\/types\/post"}],"author":[{"embeddable":true,"href":"http:\/\/staging.ibermusicas.org\/index.php\/wp-json\/wp\/v2\/users\/7"}],"replies":[{"embeddable":true,"href":"http:\/\/staging.ibermusicas.org\/index.php\/wp-json\/wp\/v2\/comments?post=21060"}],"version-history":[{"count":1,"href":"http:\/\/staging.ibermusicas.org\/index.php\/wp-json\/wp\/v2\/posts\/21060\/revisions"}],"predecessor-version":[{"id":21062,"href":"http:\/\/staging.ibermusicas.org\/index.php\/wp-json\/wp\/v2\/posts\/21060\/revisions\/21062"}],"wp:featuredmedia":[{"embeddable":true,"href":"http:\/\/staging.ibermusicas.org\/index.php\/wp-json\/wp\/v2\/media\/21061"}],"wp:attachment":[{"href":"http:\/\/staging.ibermusicas.org\/index.php\/wp-json\/wp\/v2\/media?parent=21060"}],"wp:term":[{"taxonomy":"category","embeddable":true,"href":"http:\/\/staging.ibermusicas.org\/index.php\/wp-json\/wp\/v2\/categories?post=21060"},{"taxonomy":"post_tag","embeddable":true,"href":"http:\/\/staging.ibermusicas.org\/index.php\/wp-json\/wp\/v2\/tags?post=21060"}],"curies":[{"name":"wp","href":"https:\/\/api.w.org\/{rel}","templated":true}]}}