{"id":21063,"date":"2024-12-27T19:38:06","date_gmt":"2024-12-27T19:38:06","guid":{"rendered":"http:\/\/staging.ibermusicas.org\/?p=21063"},"modified":"2025-02-27T16:41:02","modified_gmt":"2025-02-27T16:41:02","slug":"o-francisco-lelo-de-larrea-5uintet-se-apresentara-no-festival-international-jazz-plaza-em-havana-cuba","status":"publish","type":"post","link":"http:\/\/staging.ibermusicas.org\/index.php\/o-francisco-lelo-de-larrea-5uintet-se-apresentara-no-festival-international-jazz-plaza-em-havana-cuba\/","title":{"rendered":"O \u201cFrancisco Lelo de Larrea 5uintet\u201d se apresentar\u00e1 no Festival International Jazz Plaza em Havana, Cuba"},"content":{"rendered":"<p>Nascido em Monterrey, N.L., Francisco Lelo \u00e9 formado pela Escuela Superior de M\u00fasica del INBAL com um bacharelado em Jazz e um mestrado em Jazz Performance pela Aaron Copland School of Music, Queens College, Nova York. Trabalhou como compositor e l\u00edder de projetos e se apresentou em importantes palcos e festivais no M\u00e9xico, nas Am\u00e9ricas Central e do Sul, na Europa, nos Estados Unidos, na Mal\u00e1sia, em Cingapura e na \u00cdndia.<\/p>\n<p>&nbsp;<\/p>\n<p>Como professor, ministrou aulas, cursos, cl\u00ednicas e concertos did\u00e1ticos nas mais importantes escolas de m\u00fasica e semin\u00e1rios do M\u00e9xico, e fez parte da academia de ensino da Swarnabhoomi Academy of Music em Chennai, \u00cdndia, durante 2017. Ele tamb\u00e9m fez uma resid\u00eancia para ministrar um semin\u00e1rio de jazz na Universidade das Artes (ISA) em Havana, Cuba (2018).<\/p>\n<p>&nbsp;<\/p>\n<p>Francisco Lelo de Larrea 5uintet \u00e9 um projeto fundado em 2003 com o objetivo de trazer uma nova proposta e som para o movimento de jazz mexicano, bem como para o cen\u00e1rio internacional. Busca tra\u00e7ar um novo caminho e tend\u00eancia na arte do Jazz, por meio de composi\u00e7\u00f5es e arranjos originais inspirados no Jazz tradicional, Swing, Hard bop, Jazz contempor\u00e2neo e at\u00e9 mesmo experimentando v\u00e1rios tons de Rock e Soul.<\/p>\n<p>&nbsp;<\/p>\n<p>O quinteto \u00e9 formado tamb\u00e9m por Jako Gonz\u00e1lez Grau (saxofone alto), Reinier Toledo (trombone), Luri Molina (contrabaixo) e Gabriel Puentes (bateria), m\u00fasicos de destaque no cen\u00e1rio do jazz mexicano e internacional, que al\u00e9m de projetar virtuosismo e um fino dom\u00ednio em seus instrumentos, contribuem com sua musicalidade, sonoridade e bom gosto, dando mais for\u00e7a e realce \u00e0s composi\u00e7\u00f5es.<\/p>\n<p>&nbsp;<\/p>\n<p>Tem uma produ\u00e7\u00e3o discogr\u00e1fica intitulada \u201cFrancisco Lelo de Larrea 5uinteto!\u201d (2007) que foi apresentada nos mais importantes festivais do pa\u00eds ao longo de sua carreira de mais de quinze anos. Em 2022, lan\u00e7ou seu mais recente \u00e1lbum \u201cAtaraxia\u201d, gravado em Nova York, com a participa\u00e7\u00e3o do internacionalmente renomado Antonio Sanchez na bateria, David Binney no saxofone, Elliot Mason no trombone e Scott Colley no contrabaixo.<\/p>\n<p>&nbsp;<\/p>\n<p>A presen\u00e7a do 5uinteto Francisco Lelo de Larrea em Cuba \u00e9 poss\u00edvel gra\u00e7as ao apoio do Programa Iberm\u00fasicas atrav\u00e9s de sua linha de \u00abApoio \u00e0 circula\u00e7\u00e3o de profissionais da m\u00fasica\u00bb, chamada 2024.<\/p>\n<p>&nbsp;<\/p>\n<ul>\n<li>26 de janeiro a 2 de fevereiro, 40\u00aa edi\u00e7\u00e3o do Jazz Plaza Festival em Havana, Santa Clara e Santiago de Cuba<\/li>\n<\/ul>\n","protected":false},"excerpt":{"rendered":"<p>Nascido em Monterrey, N.L., Francisco Lelo \u00e9 formado pela Escuela Superior de M\u00fasica del INBAL com um bacharelado em Jazz e um mestrado em Jazz Performance pela Aaron Copland School of Music, Queens College, Nova York. Trabalhou como compositor e l\u00edder de projetos e se apresentou em importantes palcos e festivais no M\u00e9xico, nas Am\u00e9ricas [&hellip;]<\/p>\n","protected":false},"author":7,"featured_media":21061,"comment_status":"closed","ping_status":"closed","sticky":false,"template":"","format":"standard","meta":{"footnotes":""},"categories":[218],"tags":[],"class_list":["post-21063","post","type-post","status-publish","format-standard","has-post-thumbnail","hentry","category-noticias-generales-pt"],"lang":"pt","translations":{"pt":21063,"es":21060},"pll_sync_post":[],"post_mailing_queue_ids":[],"_links":{"self":[{"href":"http:\/\/staging.ibermusicas.org\/index.php\/wp-json\/wp\/v2\/posts\/21063","targetHints":{"allow":["GET"]}}],"collection":[{"href":"http:\/\/staging.ibermusicas.org\/index.php\/wp-json\/wp\/v2\/posts"}],"about":[{"href":"http:\/\/staging.ibermusicas.org\/index.php\/wp-json\/wp\/v2\/types\/post"}],"author":[{"embeddable":true,"href":"http:\/\/staging.ibermusicas.org\/index.php\/wp-json\/wp\/v2\/users\/7"}],"replies":[{"embeddable":true,"href":"http:\/\/staging.ibermusicas.org\/index.php\/wp-json\/wp\/v2\/comments?post=21063"}],"version-history":[{"count":1,"href":"http:\/\/staging.ibermusicas.org\/index.php\/wp-json\/wp\/v2\/posts\/21063\/revisions"}],"predecessor-version":[{"id":21064,"href":"http:\/\/staging.ibermusicas.org\/index.php\/wp-json\/wp\/v2\/posts\/21063\/revisions\/21064"}],"wp:featuredmedia":[{"embeddable":true,"href":"http:\/\/staging.ibermusicas.org\/index.php\/wp-json\/wp\/v2\/media\/21061"}],"wp:attachment":[{"href":"http:\/\/staging.ibermusicas.org\/index.php\/wp-json\/wp\/v2\/media?parent=21063"}],"wp:term":[{"taxonomy":"category","embeddable":true,"href":"http:\/\/staging.ibermusicas.org\/index.php\/wp-json\/wp\/v2\/categories?post=21063"},{"taxonomy":"post_tag","embeddable":true,"href":"http:\/\/staging.ibermusicas.org\/index.php\/wp-json\/wp\/v2\/tags?post=21063"}],"curies":[{"name":"wp","href":"https:\/\/api.w.org\/{rel}","templated":true}]}}