{"id":21065,"date":"2024-12-27T19:39:11","date_gmt":"2024-12-27T19:39:11","guid":{"rendered":"http:\/\/staging.ibermusicas.org\/?p=21065"},"modified":"2025-02-27T16:28:55","modified_gmt":"2025-02-27T16:28:55","slug":"comienza-la-residencia-de-investigacion-del-artista-chileno-alex-guerrero-chinga-en-el-centro-social-cultural-brena-peru-para-el-estudio-comparado-de-la-cueca-chilena-y-la-marinera-limena","status":"publish","type":"post","link":"http:\/\/staging.ibermusicas.org\/index.php\/comienza-la-residencia-de-investigacion-del-artista-chileno-alex-guerrero-chinga-en-el-centro-social-cultural-brena-peru-para-el-estudio-comparado-de-la-cueca-chilena-y-la-marinera-limena\/","title":{"rendered":"Comienza la Residencia de Investigaci\u00f3n del artista chileno Alex Guerrero Chinga en el Centro Social Cultural Bre\u00f1a, Per\u00fa para el estudio comparado de la cueca chilena y la marinera lime\u00f1a"},"content":{"rendered":"<p>Residencia para la Investigaci\u00f3n comparada de la estructura y el canto de la cueca chilena y la marinera lime\u00f1a. Se abordar\u00e1n sus similitudes y diferencias, considerando que comparten una historia, aspectos m\u00e9tricos y perform\u00e1ticos que las hermanan. El trabajo ser\u00e1 realizado por Alex Guerrero Chinga, payador, cantor e investigador de la poes\u00eda cantada, en conjunto con el Centro Social Cultural Musical Bre\u00f1a y con cultores de la marinera lime\u00f1a. Se realizar\u00e1n 6 c\u00e1psulas de an\u00e1lisis de m\u00e9trica, t\u00e9rminos, adornos y melod\u00edas; un concierto did\u00e1ctico y conversatorio de finalizaci\u00f3n.<\/p>\n<p>&nbsp;<\/p>\n<p>Alex Guerrero Chinga es fundador de la corporaci\u00f3n Versos de Ida y Vuelta, y es gestor de La Chingana Chinga, espacio destinado para la salvaguardia del patrimonio musical y culinario. Ha integrado agrupaciones como De Improviso, San Cayetano y Jarana con Araucano. Ha participado activamente en la rueda de cuequeros y cuequeras por m\u00e1s de diez a\u00f1os, recientemente a trav\u00e9s de Iberm\u00fasicas realiz\u00f3 un curso de perfeccionamiento en torno al Baile Tierra de Za\u00f1a, en Per\u00fa y se encuentra trabajando en su primera producci\u00f3n discogr\u00e1fica.<\/p>\n<p>&nbsp;<\/p>\n<p>El Centro Social Cultural Musical Bre\u00f1a fue fundado hace 50 a\u00f1os ha sido parte fundamental del desarrollo y conservaci\u00f3n de la m\u00fasica criolla, convirti\u00e9ndose en un escenario donde se conjugan la experiencia de las y los artistas m\u00e1s experimentados de las y los artistas m\u00e1s experimentados con las nuevas generaciones de cultoras y cultores. Se destacan las pe\u00f1as criollas que se realizan todos los viernes y los diversos homenajes que se han realizado a cantantes, m\u00fasicos y cultores de la m\u00fasica criolla, cada uno de los cuales ha finalizado con la instalaci\u00f3n de una fotograf\u00eda del homenajeado. En el espacio tambi\u00e9n se han realizado talleres, conversatorios y espect\u00e1culos musicales de otros ritmos del Per\u00fa.<\/p>\n<p>&nbsp;<\/p>\n<p>Se realizar\u00e1n entrevistas a cultores de la marinera lime\u00f1a entre los que destacan: Sonia Valderrama, cantante fundamental de la generaci\u00f3n actual de la m\u00fasica criolla; Wendor Salgado, guitarrista y anfitri\u00f3n de la catedral del criollismo, espacio dedicado a la conservaci\u00f3n del repertorio tradicional del Per\u00fa, Bruno Lara, Integrante de la agrupaci\u00f3n Tundete, cantante y guitarrista insigne de las nuevas generaciones de la m\u00fasica criolla, Gustavo Urbina y Jorge Villanueva, grandes cantantes de marinera lime\u00f1a, y\u00a0 Mar\u00eda Luisa Obreg\u00f3n realizadora de las sesiones de pr\u00e1ctica de marinera, espacio que ha abierto las posibilidades de aprendizaje de este ritmo.<\/p>\n<p>&nbsp;<\/p>\n<p>Esta residencia de Alex Guerrero Chinga en el Centro Social Cultural Bre\u00f1a de Per\u00fa se hace posible gracias al apoyo del Programa Iberm\u00fasicas mediante su l\u00ednea de \u201cAyuda a instituciones para residencias\u201d, convocatoria 2024.<\/p>\n<p>&nbsp;<\/p>\n<p>&nbsp;<\/p>\n<ul>\n<li>Enero y febrero, Centro Social Cultural Bre\u00f1a, Lima, Per\u00fa<\/li>\n<\/ul>\n","protected":false},"excerpt":{"rendered":"<p>Residencia para la Investigaci\u00f3n comparada de la estructura y el canto de la cueca chilena y la marinera lime\u00f1a. Se abordar\u00e1n sus similitudes y diferencias, considerando que comparten una historia, aspectos m\u00e9tricos y perform\u00e1ticos que las hermanan. El trabajo ser\u00e1 realizado por Alex Guerrero Chinga, payador, cantor e investigador de la poes\u00eda cantada, en conjunto [&hellip;]<\/p>\n","protected":false},"author":7,"featured_media":21066,"comment_status":"closed","ping_status":"closed","sticky":false,"template":"","format":"standard","meta":{"footnotes":""},"categories":[53],"tags":[],"class_list":["post-21065","post","type-post","status-publish","format-standard","has-post-thumbnail","hentry","category-noticias-generales"],"lang":"es","translations":{"es":21065,"pt":21068},"pll_sync_post":[],"post_mailing_queue_ids":[],"_links":{"self":[{"href":"http:\/\/staging.ibermusicas.org\/index.php\/wp-json\/wp\/v2\/posts\/21065","targetHints":{"allow":["GET"]}}],"collection":[{"href":"http:\/\/staging.ibermusicas.org\/index.php\/wp-json\/wp\/v2\/posts"}],"about":[{"href":"http:\/\/staging.ibermusicas.org\/index.php\/wp-json\/wp\/v2\/types\/post"}],"author":[{"embeddable":true,"href":"http:\/\/staging.ibermusicas.org\/index.php\/wp-json\/wp\/v2\/users\/7"}],"replies":[{"embeddable":true,"href":"http:\/\/staging.ibermusicas.org\/index.php\/wp-json\/wp\/v2\/comments?post=21065"}],"version-history":[{"count":1,"href":"http:\/\/staging.ibermusicas.org\/index.php\/wp-json\/wp\/v2\/posts\/21065\/revisions"}],"predecessor-version":[{"id":21067,"href":"http:\/\/staging.ibermusicas.org\/index.php\/wp-json\/wp\/v2\/posts\/21065\/revisions\/21067"}],"wp:featuredmedia":[{"embeddable":true,"href":"http:\/\/staging.ibermusicas.org\/index.php\/wp-json\/wp\/v2\/media\/21066"}],"wp:attachment":[{"href":"http:\/\/staging.ibermusicas.org\/index.php\/wp-json\/wp\/v2\/media?parent=21065"}],"wp:term":[{"taxonomy":"category","embeddable":true,"href":"http:\/\/staging.ibermusicas.org\/index.php\/wp-json\/wp\/v2\/categories?post=21065"},{"taxonomy":"post_tag","embeddable":true,"href":"http:\/\/staging.ibermusicas.org\/index.php\/wp-json\/wp\/v2\/tags?post=21065"}],"curies":[{"name":"wp","href":"https:\/\/api.w.org\/{rel}","templated":true}]}}