{"id":21068,"date":"2024-12-27T19:40:24","date_gmt":"2024-12-27T19:40:24","guid":{"rendered":"http:\/\/staging.ibermusicas.org\/?p=21068"},"modified":"2025-02-27T16:40:54","modified_gmt":"2025-02-27T16:40:54","slug":"comeca-a-residencia-de-pesquisa-do-artista-chileno-alex-guerrero-chinga-no-centro-social-cultural-brena-peru-para-o-estudo-comparativo-da-cueca-chilena-e-da-marinera-limena","status":"publish","type":"post","link":"http:\/\/staging.ibermusicas.org\/index.php\/comeca-a-residencia-de-pesquisa-do-artista-chileno-alex-guerrero-chinga-no-centro-social-cultural-brena-peru-para-o-estudo-comparativo-da-cueca-chilena-e-da-marinera-limena\/","title":{"rendered":"Come\u00e7a a Resid\u00eancia de Pesquisa do artista chileno Alex Guerrero Chinga no Centro Social Cultural Bre\u00f1a, Peru, para o estudo comparativo da cueca chilena e da marinera lime\u00f1a"},"content":{"rendered":"<p>Resid\u00eancia para a investiga\u00e7\u00e3o comparativa da estrutura e do canto da cueca chilena e da marinera lime\u00f1a. Abordar\u00e1 suas semelhan\u00e7as e diferen\u00e7as, considerando que compartilham uma hist\u00f3ria, aspectos m\u00e9tricos e performativos que os unem. O trabalho ser\u00e1 realizado por Alex Guerrero Chinga, payador, cantor e pesquisador de poesia cantada, em conjunto com o Centro Social Cultural Musical Bre\u00f1a e com artistas da marinera lime\u00f1a. Haver\u00e1 6 c\u00e1psulas de an\u00e1lise de m\u00e9tricas, termos, ornamentos e melodias; um concerto did\u00e1tico e uma conversa final.<\/p>\n<p>&nbsp;<\/p>\n<p>Alex Guerrero Chinga \u00e9 fundador da corpora\u00e7\u00e3o Versos de Ida y Vuelta e gerente de La Chingana Chinga, um espa\u00e7o para a salvaguarda do patrim\u00f4nio musical e culin\u00e1rio. Ele foi membro de grupos como De Improviso, San Cayetano e Jarana con Araucano. Participou ativamente da roda de cuequeros e cuequeras por mais de dez anos. Recentemente, por meio do Iberm\u00fasicas, fez um curso avan\u00e7ado sobre a dan\u00e7a Tierra de Za\u00f1a no Peru e atualmente est\u00e1 trabalhando em sua primeira produ\u00e7\u00e3o discogr\u00e1fica.<\/p>\n<p>&nbsp;<\/p>\n<p>O Centro Social Cultural Musical Bre\u00f1a foi fundado h\u00e1 50 anos e tem sido uma parte fundamental do desenvolvimento e da preserva\u00e7\u00e3o da m\u00fasica crioula. Ele se tornou um palco onde a experi\u00eancia dos artistas mais experientes \u00e9 combinada com as novas gera\u00e7\u00f5es. Vale a pena mencionar os ranchos crioulos que acontecem todas as sextas-feiras e as v\u00e1rias homenagens que foram prestadas a cantores, m\u00fasicos e crioulistas, cada uma delas terminando com a instala\u00e7\u00e3o de uma fotografia do homenageado. O espa\u00e7o tamb\u00e9m abrigou oficinas, palestras e apresenta\u00e7\u00f5es musicais de outros ritmos peruanos.<\/p>\n<p>&nbsp;<\/p>\n<p>Ser\u00e3o realizadas entrevistas com os artistas mais famosos da marinera lime\u00f1a, entre eles: Sonia Valderrama, cantora fundamental da atual gera\u00e7\u00e3o da m\u00fasica crioula; Wendor Salgado, guitarrista e anfitri\u00e3o da catedral do criollismo, um espa\u00e7o dedicado \u00e0 preserva\u00e7\u00e3o do repert\u00f3rio tradicional do Peru, Bruno Lara, membro do grupo Tundete, cantor e guitarrista das novas gera\u00e7\u00f5es da m\u00fasica crioula, Gustavo Urbina e Jorge Villanueva, grandes cantores de marinera lime\u00f1a, e Mar\u00eda Luisa Obreg\u00f3n, organizadora das sess\u00f5es de pr\u00e1tica de marinera, um espa\u00e7o que abriu as possibilidades de aprender esse ritmo.<\/p>\n<p>&nbsp;<\/p>\n<p>Essa resid\u00eancia de Alex Guerrero Chinga no Centro Social Cultural Bre\u00f1a, no Peru, \u00e9 poss\u00edvel gra\u00e7as ao apoio do Programa Iberm\u00fasicas por meio de sua linha de \u201cApoio a institui\u00e7\u00f5es para resid\u00eancias\u201d, convocat\u00f3ria 2024.<\/p>\n<p>&nbsp;<\/p>\n<ul>\n<li>Janeiro e fevereiro, Centro Social Cultural Bre\u00f1a, Lima, Peru<\/li>\n<\/ul>\n","protected":false},"excerpt":{"rendered":"<p>Resid\u00eancia para a investiga\u00e7\u00e3o comparativa da estrutura e do canto da cueca chilena e da marinera lime\u00f1a. Abordar\u00e1 suas semelhan\u00e7as e diferen\u00e7as, considerando que compartilham uma hist\u00f3ria, aspectos m\u00e9tricos e performativos que os unem. O trabalho ser\u00e1 realizado por Alex Guerrero Chinga, payador, cantor e pesquisador de poesia cantada, em conjunto com o Centro Social [&hellip;]<\/p>\n","protected":false},"author":7,"featured_media":21066,"comment_status":"closed","ping_status":"closed","sticky":false,"template":"","format":"standard","meta":{"footnotes":""},"categories":[218],"tags":[],"class_list":["post-21068","post","type-post","status-publish","format-standard","has-post-thumbnail","hentry","category-noticias-generales-pt"],"lang":"pt","translations":{"pt":21068,"es":21065},"pll_sync_post":[],"post_mailing_queue_ids":[],"_links":{"self":[{"href":"http:\/\/staging.ibermusicas.org\/index.php\/wp-json\/wp\/v2\/posts\/21068","targetHints":{"allow":["GET"]}}],"collection":[{"href":"http:\/\/staging.ibermusicas.org\/index.php\/wp-json\/wp\/v2\/posts"}],"about":[{"href":"http:\/\/staging.ibermusicas.org\/index.php\/wp-json\/wp\/v2\/types\/post"}],"author":[{"embeddable":true,"href":"http:\/\/staging.ibermusicas.org\/index.php\/wp-json\/wp\/v2\/users\/7"}],"replies":[{"embeddable":true,"href":"http:\/\/staging.ibermusicas.org\/index.php\/wp-json\/wp\/v2\/comments?post=21068"}],"version-history":[{"count":1,"href":"http:\/\/staging.ibermusicas.org\/index.php\/wp-json\/wp\/v2\/posts\/21068\/revisions"}],"predecessor-version":[{"id":21069,"href":"http:\/\/staging.ibermusicas.org\/index.php\/wp-json\/wp\/v2\/posts\/21068\/revisions\/21069"}],"wp:featuredmedia":[{"embeddable":true,"href":"http:\/\/staging.ibermusicas.org\/index.php\/wp-json\/wp\/v2\/media\/21066"}],"wp:attachment":[{"href":"http:\/\/staging.ibermusicas.org\/index.php\/wp-json\/wp\/v2\/media?parent=21068"}],"wp:term":[{"taxonomy":"category","embeddable":true,"href":"http:\/\/staging.ibermusicas.org\/index.php\/wp-json\/wp\/v2\/categories?post=21068"},{"taxonomy":"post_tag","embeddable":true,"href":"http:\/\/staging.ibermusicas.org\/index.php\/wp-json\/wp\/v2\/tags?post=21068"}],"curies":[{"name":"wp","href":"https:\/\/api.w.org\/{rel}","templated":true}]}}