{"id":21073,"date":"2024-12-27T19:42:12","date_gmt":"2024-12-27T19:42:12","guid":{"rendered":"http:\/\/staging.ibermusicas.org\/?p=21073"},"modified":"2025-02-27T16:40:47","modified_gmt":"2025-02-27T16:40:47","slug":"festival-terra-do-rap-volta-ao-rio-de-janeiro-no-verao-2025","status":"publish","type":"post","link":"http:\/\/staging.ibermusicas.org\/index.php\/festival-terra-do-rap-volta-ao-rio-de-janeiro-no-verao-2025\/","title":{"rendered":"Festival Terra do Rap volta ao Rio de Janeiro no ver\u00e3o 2025"},"content":{"rendered":"<p>Celebrando a l\u00edngua portuguesa, a cultura urbana e a contracoloniza\u00e7\u00e3o, Terra do Rap ter\u00e1 a\u00e7\u00f5es em diferentes pontos da cidade do Rio de Janeiro.<\/p>\n<p>&nbsp;<\/p>\n<p>Em 2025 o Terra do Rap comemora 12 anos de resist\u00eancia como \u00fanico festival de cultura urbana em l\u00edngua portuguesa, e vai mapear o sub\u00farbio carioca, junto com o projeto \u00abMeu Bairro, Minha L\u00edngua\u00bb, entre shows, batalhas de MC\u2019s, interven\u00e7\u00f5es art\u00edsticas e processos de forma\u00e7\u00e3o, ser\u00e3o mais de uma dezena de atividades gratuitas e interven\u00e7\u00f5es nas Zonas Norte, Oeste e Centro do Rio de Janeiro, propondo uma programa\u00e7\u00e3o alternativa durante a esta\u00e7\u00e3o mais quente do ano.<\/p>\n<p>&nbsp;<\/p>\n<p>Iniciativa da incubadora de culturas de rua Reprodutora (Ritmo E Poesia Produtora), e idealizado pelo rapper e produtor Vin\u00edcius Terra, o Terra do Rap 2025 acontece junto a Caravana \u00abMeu Bairro, Minha L\u00edngua\u00bb e as grava\u00e7\u00f5es da segunda temporada da s\u00e9rie de mesmo nome para a plataforma Globoplay, unindo diferentes projetos de reconex\u00e3o entre os pa\u00edses de l\u00edngua portuguesa atrav\u00e9s das est\u00e9ticas da cultura urbana, celebrando o \u00abver\u00e3o da contracoloniza\u00e7\u00e3o\u00bb.<\/p>\n<p>&nbsp;<\/p>\n<p>O \u00abVer\u00e3o no Errejota\u00bb ser\u00e1 um ver\u00e3o urbano e de valoriza\u00e7\u00e3o das express\u00f5es art\u00edsticas de uma regi\u00e3o potente e determinante na cultura da cidade. Vai reunir m\u00faltiplas a\u00e7\u00f5es em diferentes datas, juntando mentorias e imers\u00f5es para novos artistas, batalhas de MCs, shows, arte urbana e a Caravana \u201cMeu Bairro Minha L\u00edngua\u201d.<\/p>\n<p>&nbsp;<\/p>\n<p>A Imers\u00e3o Terra do Rap, por sua vez, ocorrer\u00e1 de 28 de janeiro a 1o de fevereiro no Centro da M\u00fasica Carioca Artur da T\u00e1vola, na Tijuca. Este ser\u00e1 o primeiro encontro de neg\u00f3cios da m\u00fasica voltado para a cultura urbana, oferecendo apresenta\u00e7\u00f5es musicais de novos artistas e mentorias com players do mercado entre os pa\u00edses de l\u00edngua portuguesa.<\/p>\n<p>&nbsp;<\/p>\n<p>No dia 4 de fevereiro, ser\u00e3o divulgados os 10 selecionados, e no dia 8 de fevereiro (s\u00e1bado) haver\u00e1 uma mentoria online com programadores e curadores de festivais internacionais. As inscri\u00e7\u00f5es para a Imers\u00e3o estar\u00e3o abertas de 02 a 15 de janeiro, com a divulga\u00e7\u00e3o dos 20 selecionados prevista para 19 de janeiro. O Festival Terra do Rap se encerra nos dias 15 e 16 de fevereiro (s\u00e1bado e domingo) na Arena Carioca Jovelina P\u00e9rola Negra, na Pavuna.<\/p>\n<p>&nbsp;<\/p>\n<p>&nbsp;<\/p>\n<p>O Projeto apresentado pelo Festival Terra do Rap, foi selecionado na linha de \u201cApoio \u00e0 programa\u00e7\u00e3o musical\u201d do Programa Iberm\u00fasicas para o convite dos artistas portugueses Tristany Mundu, Ant\u00f3nio Brito Guterres e Mynda Guevara.<\/p>\n<p>&nbsp;<\/p>\n<p>&nbsp;<\/p>\n<ul>\n<li>De 28 de janeiro a 1\u00ba de fevereiro: Imers\u00e3o Terra do Rap no Centro da M\u00fasica Carioca Artur da T\u00e1vola, Tijuca, Rio de Janeiro, Brasil<\/li>\n<\/ul>\n<p>&nbsp;<\/p>\n<ul>\n<li>15 e 16 de fevereiro: Festival Terra do Rap na Arena Carioca Jovelina P\u00e9rola Negra, Pavuna, Rio de Janeiro, Brasil<\/li>\n<\/ul>\n","protected":false},"excerpt":{"rendered":"<p>Celebrando a l\u00edngua portuguesa, a cultura urbana e a contracoloniza\u00e7\u00e3o, Terra do Rap ter\u00e1 a\u00e7\u00f5es em diferentes pontos da cidade do Rio de Janeiro. &nbsp; Em 2025 o Terra do Rap comemora 12 anos de resist\u00eancia como \u00fanico festival de cultura urbana em l\u00edngua portuguesa, e vai mapear o sub\u00farbio carioca, junto com o projeto [&hellip;]<\/p>\n","protected":false},"author":7,"featured_media":21071,"comment_status":"closed","ping_status":"closed","sticky":false,"template":"","format":"standard","meta":{"footnotes":""},"categories":[218],"tags":[],"class_list":["post-21073","post","type-post","status-publish","format-standard","has-post-thumbnail","hentry","category-noticias-generales-pt"],"lang":"pt","translations":{"pt":21073,"es":21070},"pll_sync_post":[],"post_mailing_queue_ids":[],"_links":{"self":[{"href":"http:\/\/staging.ibermusicas.org\/index.php\/wp-json\/wp\/v2\/posts\/21073","targetHints":{"allow":["GET"]}}],"collection":[{"href":"http:\/\/staging.ibermusicas.org\/index.php\/wp-json\/wp\/v2\/posts"}],"about":[{"href":"http:\/\/staging.ibermusicas.org\/index.php\/wp-json\/wp\/v2\/types\/post"}],"author":[{"embeddable":true,"href":"http:\/\/staging.ibermusicas.org\/index.php\/wp-json\/wp\/v2\/users\/7"}],"replies":[{"embeddable":true,"href":"http:\/\/staging.ibermusicas.org\/index.php\/wp-json\/wp\/v2\/comments?post=21073"}],"version-history":[{"count":2,"href":"http:\/\/staging.ibermusicas.org\/index.php\/wp-json\/wp\/v2\/posts\/21073\/revisions"}],"predecessor-version":[{"id":21075,"href":"http:\/\/staging.ibermusicas.org\/index.php\/wp-json\/wp\/v2\/posts\/21073\/revisions\/21075"}],"wp:featuredmedia":[{"embeddable":true,"href":"http:\/\/staging.ibermusicas.org\/index.php\/wp-json\/wp\/v2\/media\/21071"}],"wp:attachment":[{"href":"http:\/\/staging.ibermusicas.org\/index.php\/wp-json\/wp\/v2\/media?parent=21073"}],"wp:term":[{"taxonomy":"category","embeddable":true,"href":"http:\/\/staging.ibermusicas.org\/index.php\/wp-json\/wp\/v2\/categories?post=21073"},{"taxonomy":"post_tag","embeddable":true,"href":"http:\/\/staging.ibermusicas.org\/index.php\/wp-json\/wp\/v2\/tags?post=21073"}],"curies":[{"name":"wp","href":"https:\/\/api.w.org\/{rel}","templated":true}]}}