{"id":21076,"date":"2024-12-27T19:44:17","date_gmt":"2024-12-27T19:44:17","guid":{"rendered":"http:\/\/staging.ibermusicas.org\/?p=21076"},"modified":"2024-12-27T19:44:17","modified_gmt":"2024-12-27T19:44:17","slug":"la-cantautora-brasilena-jadsa-ofrecera-su-primera-actuacion-internacional-en-el-festival-square-mapping-the-atlantic-en-guimaraes-portugal","status":"publish","type":"post","link":"http:\/\/staging.ibermusicas.org\/index.php\/la-cantautora-brasilena-jadsa-ofrecera-su-primera-actuacion-internacional-en-el-festival-square-mapping-the-atlantic-en-guimaraes-portugal\/","title":{"rendered":"La cantautora brasile\u00f1a Jadsa ofrecer\u00e1 su primera actuaci\u00f3n internacional en el Festival Square &#8211; Mapping the Atlantic, en Guimar\u00e3es, Portugal"},"content":{"rendered":"<p>La cantautora brasile\u00f1a Jadsa participar\u00e1 en el Festival Square &#8211; Mapping the Atlantic, presentando su showcase. Ser\u00e1 la primera actuaci\u00f3n internacional de su carrera. Basado en la conexi\u00f3n entre los continentes que bordean el Atl\u00e1ntico (\u00c1frica, Am\u00e9rica y Europa), Square celebra la diversidad creando un lugar de encuentro para los talentos emergentes y las nuevas tendencias musicales de esos territorios. Basado en el trabajo en red, el programa de Square se desarrollar\u00e1 en colaboraci\u00f3n con diversos agentes, editores, promotores y festivales que trabajan en todo el espectro musical de los tres continentes.<\/p>\n<p>&nbsp;<\/p>\n<p>Jadsa es una cantautora cuyo trabajo incluye en su repertorio canciones que honran a los Orix\u00e1s y a la fe Candomblecista. Al cantar sobre la espiritualidad africana desde una perspectiva positiva, construye una narrativa que se aleja de la noci\u00f3n racista que estigmatiza las manifestaciones religiosas no cristianas, especialmente las expresiones de la cultura negra.<\/p>\n<p>&nbsp;<\/p>\n<p>Jadsa es de Salvador de Bah\u00eda. Es cantante, compositora, guitarrista, productora y directora musical. Comenz\u00f3 su carrera profesional colaborando en bandas sonoras para el Teatro Vila Velha de Salvador-BA. Sus principales referencias art\u00edsticas incluyen la MPB, el samba, el rock, el trip hop, el reggae y el neo-soul. En 2015 lanz\u00f3 el EP \u00abGod\u00ea\u00bb. Con su primer \u00e1lbum, \u00abOlho de Vidro\u00bb, publicado en marzo de 2021, Jadsa recibi\u00f3 dos nominaciones al Premio Multishow, en las categor\u00edas de \u00abartista revelaci\u00f3n\u00bb y \u00ab\u00e1lbum del a\u00f1o\u00bb. Ese mismo a\u00f1o, fue nombrada por CNN Brasil como una de las mujeres que cambiaron el rostro de la m\u00fasica brasile\u00f1a.<\/p>\n<p>&nbsp;<\/p>\n<p>Esta gira de Jadsa se hace posible gracias al apoyo del Programa Iberm\u00fasicas mediante su l\u00ednea de \u201cAyuda a la circulaci\u00f3n de profesionales de la m\u00fasica\u201d, convocatoria 2024.<\/p>\n<p>&nbsp;<\/p>\n<p>&nbsp;<\/p>\n<ul>\n<li>29 de enero, Plaza del Festival &#8211; Cartografiando el Atl\u00e1ntico, Guimar\u00e3es, Portugal<\/li>\n<\/ul>\n","protected":false},"excerpt":{"rendered":"<p>La cantautora brasile\u00f1a Jadsa participar\u00e1 en el Festival Square &#8211; Mapping the Atlantic, presentando su showcase. Ser\u00e1 la primera actuaci\u00f3n internacional de su carrera. Basado en la conexi\u00f3n entre los continentes que bordean el Atl\u00e1ntico (\u00c1frica, Am\u00e9rica y Europa), Square celebra la diversidad creando un lugar de encuentro para los talentos emergentes y las nuevas [&hellip;]<\/p>\n","protected":false},"author":7,"featured_media":21077,"comment_status":"closed","ping_status":"closed","sticky":false,"template":"","format":"standard","meta":{"footnotes":""},"categories":[53],"tags":[],"class_list":["post-21076","post","type-post","status-publish","format-standard","has-post-thumbnail","hentry","category-noticias-generales"],"lang":"es","translations":{"es":21076,"pt":21079},"pll_sync_post":[],"post_mailing_queue_ids":[],"_links":{"self":[{"href":"http:\/\/staging.ibermusicas.org\/index.php\/wp-json\/wp\/v2\/posts\/21076","targetHints":{"allow":["GET"]}}],"collection":[{"href":"http:\/\/staging.ibermusicas.org\/index.php\/wp-json\/wp\/v2\/posts"}],"about":[{"href":"http:\/\/staging.ibermusicas.org\/index.php\/wp-json\/wp\/v2\/types\/post"}],"author":[{"embeddable":true,"href":"http:\/\/staging.ibermusicas.org\/index.php\/wp-json\/wp\/v2\/users\/7"}],"replies":[{"embeddable":true,"href":"http:\/\/staging.ibermusicas.org\/index.php\/wp-json\/wp\/v2\/comments?post=21076"}],"version-history":[{"count":1,"href":"http:\/\/staging.ibermusicas.org\/index.php\/wp-json\/wp\/v2\/posts\/21076\/revisions"}],"predecessor-version":[{"id":21078,"href":"http:\/\/staging.ibermusicas.org\/index.php\/wp-json\/wp\/v2\/posts\/21076\/revisions\/21078"}],"wp:featuredmedia":[{"embeddable":true,"href":"http:\/\/staging.ibermusicas.org\/index.php\/wp-json\/wp\/v2\/media\/21077"}],"wp:attachment":[{"href":"http:\/\/staging.ibermusicas.org\/index.php\/wp-json\/wp\/v2\/media?parent=21076"}],"wp:term":[{"taxonomy":"category","embeddable":true,"href":"http:\/\/staging.ibermusicas.org\/index.php\/wp-json\/wp\/v2\/categories?post=21076"},{"taxonomy":"post_tag","embeddable":true,"href":"http:\/\/staging.ibermusicas.org\/index.php\/wp-json\/wp\/v2\/tags?post=21076"}],"curies":[{"name":"wp","href":"https:\/\/api.w.org\/{rel}","templated":true}]}}