{"id":21079,"date":"2024-12-27T19:45:18","date_gmt":"2024-12-27T19:45:18","guid":{"rendered":"http:\/\/staging.ibermusicas.org\/?p=21079"},"modified":"2024-12-27T19:45:18","modified_gmt":"2024-12-27T19:45:18","slug":"a-cantora-e-compositora-brasileira-jadsa-fara-sua-primeira-apresentacao-internacional-no-festival-square-mapping-the-atlantic-em-guimaraes-portugal","status":"publish","type":"post","link":"http:\/\/staging.ibermusicas.org\/index.php\/a-cantora-e-compositora-brasileira-jadsa-fara-sua-primeira-apresentacao-internacional-no-festival-square-mapping-the-atlantic-em-guimaraes-portugal\/","title":{"rendered":"A cantora e compositora brasileira Jadsa far\u00e1 sua primeira apresenta\u00e7\u00e3o internacional no Festival Square &#8211; Mapping the Atlantic em Guimar\u00e3es, Portugal"},"content":{"rendered":"<p>A cantora e compositora brasileira Jadsa vai participar do Festival Square &#8211; Mapping the Atlantic, apresentando seu showcase, sendo sua primeira apresenta\u00e7\u00e3o internacional na carreira. Tendo como eixo a conex\u00e3o entre os continentes banhados pelo Atl\u00e2ntico (\u00c1frica, Am\u00e9rica e Europa), o Square celebra a diversidade ao criar um espa\u00e7o de encontro para talentos emergentes e novas tend\u00eancias da m\u00fasica oriunda desses territ\u00f3rios. Tendo como matriz a constru\u00e7\u00e3o em rede, o programa do Square ser\u00e1 desenvolvido numa colabora\u00e7\u00e3o com diversos agentes, editoras, promotoras e festivais a trabalharem no espectro da m\u00fasica nos tr\u00eas continentes.<\/p>\n<p>&nbsp;<\/p>\n<p>Jadsa \u00e9 cantora e compositora que, ao longo de sua obra, traz can\u00e7\u00f5es que homenageiam Orix\u00e1s e a f\u00e9 de base candomblecista em suas composi\u00e7\u00f5es. Cantando da espiritualidade de matriz africana sob uma perspectiva positiva, constr\u00f3i uma narrativa que se afasta da no\u00e7\u00e3o racista que estigmatiza as manifesta\u00e7\u00f5es religiosas n\u00e3o crist\u00e3s, sobretudo as express\u00f5es da cultura negra.<\/p>\n<p>&nbsp;<\/p>\n<p>Jadsa \u00e9 baiana de Salvador, cantora, compositora, guitarrista, produtora e diretora musical. Iniciou sua carreira profissional colaborando com trilhas sonoras para o Teatro Vila Velha, em Salvador-BA. Suas principais refer\u00eancias art\u00edsticas passeiam pela MPB, samba, rock, trip hop, reggae e neo-soul. Debutou seu trabalho autoral em 2015, lan\u00e7ando o EP \u00abGod\u00ea\u00bb. J\u00e1 com seu primeiro \u00e1lbum, \u201cOlho de Vidro\u201d, lan\u00e7ado em mar\u00e7o de 2021, Jadsa recebeu duas indica\u00e7\u00f5es ao Pr\u00eamio Multishow, nas categorias \u201cartista revela\u00e7\u00e3o\u00bb e \u201c\u00e1lbum do ano\u201d. No mesmo ano, foi apontada pela CNN Brasil como uma das mulheres que mudou a cara da m\u00fasica brasileira.<\/p>\n<p>&nbsp;<\/p>\n<p>Essa turn\u00ea da Jadsa \u00e9 poss\u00edvel gra\u00e7as ao apoio do Programa Iberm\u00fasicas por meio de sua linha de \u201cApoio \u00e0 circula\u00e7\u00e3o de profissionais da m\u00fasica\u201d, convocat\u00f3ria 2024.<\/p>\n<p>&nbsp;<\/p>\n<ul>\n<li>29 de janeiro, Festival Square &#8211; Mapping the Atlantic, Guimar\u00e3es, Portugal<\/li>\n<\/ul>\n","protected":false},"excerpt":{"rendered":"<p>A cantora e compositora brasileira Jadsa vai participar do Festival Square &#8211; Mapping the Atlantic, apresentando seu showcase, sendo sua primeira apresenta\u00e7\u00e3o internacional na carreira. Tendo como eixo a conex\u00e3o entre os continentes banhados pelo Atl\u00e2ntico (\u00c1frica, Am\u00e9rica e Europa), o Square celebra a diversidade ao criar um espa\u00e7o de encontro para talentos emergentes e [&hellip;]<\/p>\n","protected":false},"author":7,"featured_media":21077,"comment_status":"closed","ping_status":"closed","sticky":false,"template":"","format":"standard","meta":{"footnotes":""},"categories":[218],"tags":[],"class_list":["post-21079","post","type-post","status-publish","format-standard","has-post-thumbnail","hentry","category-noticias-generales-pt"],"lang":"pt","translations":{"pt":21079,"es":21076},"pll_sync_post":[],"post_mailing_queue_ids":[],"_links":{"self":[{"href":"http:\/\/staging.ibermusicas.org\/index.php\/wp-json\/wp\/v2\/posts\/21079","targetHints":{"allow":["GET"]}}],"collection":[{"href":"http:\/\/staging.ibermusicas.org\/index.php\/wp-json\/wp\/v2\/posts"}],"about":[{"href":"http:\/\/staging.ibermusicas.org\/index.php\/wp-json\/wp\/v2\/types\/post"}],"author":[{"embeddable":true,"href":"http:\/\/staging.ibermusicas.org\/index.php\/wp-json\/wp\/v2\/users\/7"}],"replies":[{"embeddable":true,"href":"http:\/\/staging.ibermusicas.org\/index.php\/wp-json\/wp\/v2\/comments?post=21079"}],"version-history":[{"count":1,"href":"http:\/\/staging.ibermusicas.org\/index.php\/wp-json\/wp\/v2\/posts\/21079\/revisions"}],"predecessor-version":[{"id":21080,"href":"http:\/\/staging.ibermusicas.org\/index.php\/wp-json\/wp\/v2\/posts\/21079\/revisions\/21080"}],"wp:featuredmedia":[{"embeddable":true,"href":"http:\/\/staging.ibermusicas.org\/index.php\/wp-json\/wp\/v2\/media\/21077"}],"wp:attachment":[{"href":"http:\/\/staging.ibermusicas.org\/index.php\/wp-json\/wp\/v2\/media?parent=21079"}],"wp:term":[{"taxonomy":"category","embeddable":true,"href":"http:\/\/staging.ibermusicas.org\/index.php\/wp-json\/wp\/v2\/categories?post=21079"},{"taxonomy":"post_tag","embeddable":true,"href":"http:\/\/staging.ibermusicas.org\/index.php\/wp-json\/wp\/v2\/tags?post=21079"}],"curies":[{"name":"wp","href":"https:\/\/api.w.org\/{rel}","templated":true}]}}