{"id":21081,"date":"2024-12-27T19:46:36","date_gmt":"2024-12-27T19:46:36","guid":{"rendered":"http:\/\/staging.ibermusicas.org\/?p=21081"},"modified":"2025-02-27T16:28:43","modified_gmt":"2025-02-27T16:28:43","slug":"el-musico-panameno-ricardo-de-leon-se-presentara-en-escenarios-de-portugal-y-de-espana","status":"publish","type":"post","link":"http:\/\/staging.ibermusicas.org\/index.php\/el-musico-panameno-ricardo-de-leon-se-presentara-en-escenarios-de-portugal-y-de-espana\/","title":{"rendered":"El m\u00fasico paname\u00f1o Ricardo De Le\u00f3n se presentar\u00e1 en escenarios de Portugal y de Espa\u00f1a"},"content":{"rendered":"<p>Ricardo De Le\u00f3n creci\u00f3 en La Pe\u00f1a, Santiago de Veraguas, inmerso en las ricas tradiciones musicales rurales de Panam\u00e1. Desde joven, se sinti\u00f3 cautivado por la guitarra y, especialmente, por su amada mejoranera, un instrumento de cuerdas propio del folclore local. Posteriormente, se traslad\u00f3 a la Ciudad de Panam\u00e1, donde abraz\u00f3 la vibrante, y a veces intensa, vida de un m\u00fasico moderno, destac\u00e1ndose en g\u00e9neros como el jazz, el reggae y una amplia gama de ritmos latinos.<\/p>\n<p>&nbsp;<\/p>\n<p>Aunque su formaci\u00f3n acad\u00e9mica es s\u00f3lida, Ricardo se siente igualmente c\u00f3modo improvisando en los escenarios m\u00e1s sencillos. Como h\u00e1bil improvisador y multiinstrumentista, aporta un estilo \u00fanico y personal a la guitarra, interpretando con destreza las diversas tradiciones musicales que ha encontrado en su camino.<\/p>\n<p>&nbsp;<\/p>\n<p>Ricardo De Le\u00f3n ha sido ganador de la l\u00ednea de apoyo del Programa Iberm\u00fasicas \u201cAyudas a la movilidad de m\u00fasicas y m\u00fasicos\u201d, convocatoria 2024.<\/p>\n<p>&nbsp;<\/p>\n<p>&nbsp;<\/p>\n<ul>\n<li>30 de enero: Festival Square, Braga, Barcelos, Portugal<\/li>\n<li>6 de febrero: Clase magistral con el maestro David Murgada, Barcelona, Espa\u00f1a<\/li>\n<li>7 de febrero: Taller de m\u00fasica paname\u00f1a y la influencia europea en el Conservatorio de Igualada, Catalunya, Espa\u00f1a<\/li>\n<li>9 de febrero:- Intercambio cultural y conciertos en C\u00e1diz, Espa\u00f1a<\/li>\n<li>13 de febrero: Intercambio cultural y conciertos en Madrid, Espa\u00f1a<\/li>\n<\/ul>\n","protected":false},"excerpt":{"rendered":"<p>Ricardo De Le\u00f3n creci\u00f3 en La Pe\u00f1a, Santiago de Veraguas, inmerso en las ricas tradiciones musicales rurales de Panam\u00e1. Desde joven, se sinti\u00f3 cautivado por la guitarra y, especialmente, por su amada mejoranera, un instrumento de cuerdas propio del folclore local. Posteriormente, se traslad\u00f3 a la Ciudad de Panam\u00e1, donde abraz\u00f3 la vibrante, y a [&hellip;]<\/p>\n","protected":false},"author":7,"featured_media":21082,"comment_status":"closed","ping_status":"closed","sticky":false,"template":"","format":"standard","meta":{"footnotes":""},"categories":[53],"tags":[],"class_list":["post-21081","post","type-post","status-publish","format-standard","has-post-thumbnail","hentry","category-noticias-generales"],"lang":"es","translations":{"es":21081,"pt":21084},"pll_sync_post":[],"post_mailing_queue_ids":[],"_links":{"self":[{"href":"http:\/\/staging.ibermusicas.org\/index.php\/wp-json\/wp\/v2\/posts\/21081","targetHints":{"allow":["GET"]}}],"collection":[{"href":"http:\/\/staging.ibermusicas.org\/index.php\/wp-json\/wp\/v2\/posts"}],"about":[{"href":"http:\/\/staging.ibermusicas.org\/index.php\/wp-json\/wp\/v2\/types\/post"}],"author":[{"embeddable":true,"href":"http:\/\/staging.ibermusicas.org\/index.php\/wp-json\/wp\/v2\/users\/7"}],"replies":[{"embeddable":true,"href":"http:\/\/staging.ibermusicas.org\/index.php\/wp-json\/wp\/v2\/comments?post=21081"}],"version-history":[{"count":1,"href":"http:\/\/staging.ibermusicas.org\/index.php\/wp-json\/wp\/v2\/posts\/21081\/revisions"}],"predecessor-version":[{"id":21083,"href":"http:\/\/staging.ibermusicas.org\/index.php\/wp-json\/wp\/v2\/posts\/21081\/revisions\/21083"}],"wp:featuredmedia":[{"embeddable":true,"href":"http:\/\/staging.ibermusicas.org\/index.php\/wp-json\/wp\/v2\/media\/21082"}],"wp:attachment":[{"href":"http:\/\/staging.ibermusicas.org\/index.php\/wp-json\/wp\/v2\/media?parent=21081"}],"wp:term":[{"taxonomy":"category","embeddable":true,"href":"http:\/\/staging.ibermusicas.org\/index.php\/wp-json\/wp\/v2\/categories?post=21081"},{"taxonomy":"post_tag","embeddable":true,"href":"http:\/\/staging.ibermusicas.org\/index.php\/wp-json\/wp\/v2\/tags?post=21081"}],"curies":[{"name":"wp","href":"https:\/\/api.w.org\/{rel}","templated":true}]}}