{"id":21084,"date":"2024-12-27T19:47:44","date_gmt":"2024-12-27T19:47:44","guid":{"rendered":"http:\/\/staging.ibermusicas.org\/?p=21084"},"modified":"2025-02-27T16:40:41","modified_gmt":"2025-02-27T16:40:41","slug":"o-musico-panamenho-ricardo-de-leon-se-apresentara-em-palcos-de-portugal-e-da-espanha","status":"publish","type":"post","link":"http:\/\/staging.ibermusicas.org\/index.php\/o-musico-panamenho-ricardo-de-leon-se-apresentara-em-palcos-de-portugal-e-da-espanha\/","title":{"rendered":"O m\u00fasico panamenho Ricardo De Le\u00f3n se apresentar\u00e1 em palcos de Portugal e da Espanha"},"content":{"rendered":"<p>Ricardo De Le\u00f3n cresceu em La Pe\u00f1a, Santiago de Veraguas, imerso nas ricas tradi\u00e7\u00f5es musicais rurais do Panam\u00e1. Desde pequeno, ele foi cativado pelo viol\u00e3o e, especialmente, por sua amada mejoranera, um instrumento de cordas t\u00edpico do folclore local. Mais tarde, mudou-se para a Cidade do Panam\u00e1, onde abra\u00e7ou a vida vibrante e, \u00e0s vezes, intensa de um m\u00fasico moderno, destacando-se em g\u00eaneros como jazz, reggae e uma grande variedade de ritmos latinos.<\/p>\n<p>&nbsp;<\/p>\n<p>Embora sua forma\u00e7\u00e3o acad\u00eamica seja s\u00f3lida, Ricardo se sente igualmente confort\u00e1vel improvisando nos ambientes mais simples. Um improvisador habilidoso e multi-instrumentista, ele traz um estilo \u00fanico e pessoal para o viol\u00e3o, interpretando habilmente as diversas tradi\u00e7\u00f5es musicais que encontrou ao longo do caminho.<\/p>\n<p>&nbsp;<\/p>\n<p>Ricardo De Le\u00f3n foi vencedor na linha de apoio do Programa Iberm\u00fasicas \u00abApoio \u00e0 circula\u00e7\u00e3o de profissionais da m\u00fasica\u00bb, chamada 2024.<\/p>\n<p>&nbsp;<\/p>\n<ul>\n<li>30 de janeiro: Festival da Pra\u00e7a, Braga, Barcelos, Portugal<\/li>\n<li>6 de fevereiro: Masterclass com o maestro David Murgada, Barcelona, Espanha.<\/li>\n<li>7 de fevereiro: Workshop sobre m\u00fasica panamenha e a influ\u00eancia europeia no Conservat\u00f3rio de Igualada, Catalunha, Espanha.<\/li>\n<li>9 de fevereiro: Interc\u00e2mbio cultural e concertos em C\u00e1diz, Espanha<\/li>\n<li>13 de fevereiro: Interc\u00e2mbio cultural e concertos em Madri, Espanha<\/li>\n<\/ul>\n","protected":false},"excerpt":{"rendered":"<p>Ricardo De Le\u00f3n cresceu em La Pe\u00f1a, Santiago de Veraguas, imerso nas ricas tradi\u00e7\u00f5es musicais rurais do Panam\u00e1. Desde pequeno, ele foi cativado pelo viol\u00e3o e, especialmente, por sua amada mejoranera, um instrumento de cordas t\u00edpico do folclore local. Mais tarde, mudou-se para a Cidade do Panam\u00e1, onde abra\u00e7ou a vida vibrante e, \u00e0s vezes, [&hellip;]<\/p>\n","protected":false},"author":7,"featured_media":21082,"comment_status":"closed","ping_status":"closed","sticky":false,"template":"","format":"standard","meta":{"footnotes":""},"categories":[218],"tags":[],"class_list":["post-21084","post","type-post","status-publish","format-standard","has-post-thumbnail","hentry","category-noticias-generales-pt"],"lang":"pt","translations":{"pt":21084,"es":21081},"pll_sync_post":[],"post_mailing_queue_ids":[],"_links":{"self":[{"href":"http:\/\/staging.ibermusicas.org\/index.php\/wp-json\/wp\/v2\/posts\/21084","targetHints":{"allow":["GET"]}}],"collection":[{"href":"http:\/\/staging.ibermusicas.org\/index.php\/wp-json\/wp\/v2\/posts"}],"about":[{"href":"http:\/\/staging.ibermusicas.org\/index.php\/wp-json\/wp\/v2\/types\/post"}],"author":[{"embeddable":true,"href":"http:\/\/staging.ibermusicas.org\/index.php\/wp-json\/wp\/v2\/users\/7"}],"replies":[{"embeddable":true,"href":"http:\/\/staging.ibermusicas.org\/index.php\/wp-json\/wp\/v2\/comments?post=21084"}],"version-history":[{"count":1,"href":"http:\/\/staging.ibermusicas.org\/index.php\/wp-json\/wp\/v2\/posts\/21084\/revisions"}],"predecessor-version":[{"id":21085,"href":"http:\/\/staging.ibermusicas.org\/index.php\/wp-json\/wp\/v2\/posts\/21084\/revisions\/21085"}],"wp:featuredmedia":[{"embeddable":true,"href":"http:\/\/staging.ibermusicas.org\/index.php\/wp-json\/wp\/v2\/media\/21082"}],"wp:attachment":[{"href":"http:\/\/staging.ibermusicas.org\/index.php\/wp-json\/wp\/v2\/media?parent=21084"}],"wp:term":[{"taxonomy":"category","embeddable":true,"href":"http:\/\/staging.ibermusicas.org\/index.php\/wp-json\/wp\/v2\/categories?post=21084"},{"taxonomy":"post_tag","embeddable":true,"href":"http:\/\/staging.ibermusicas.org\/index.php\/wp-json\/wp\/v2\/tags?post=21084"}],"curies":[{"name":"wp","href":"https:\/\/api.w.org\/{rel}","templated":true}]}}