{"id":21086,"date":"2024-12-27T19:54:50","date_gmt":"2024-12-27T19:54:50","guid":{"rendered":"http:\/\/staging.ibermusicas.org\/?p=21086"},"modified":"2025-01-28T22:00:53","modified_gmt":"2025-01-28T22:00:53","slug":"el-contrabajista-chileno-david-alexis-torrejon-cifuentes-inicia-su-pasantia-de-perfeccionamiento-tecnico-y-estilistico-en-contrabajo-en-el-tango","status":"publish","type":"post","link":"http:\/\/staging.ibermusicas.org\/index.php\/el-contrabajista-chileno-david-alexis-torrejon-cifuentes-inicia-su-pasantia-de-perfeccionamiento-tecnico-y-estilistico-en-contrabajo-en-el-tango\/","title":{"rendered":"El contrabajista chileno David Alexis Torrej\u00f3n Cifuentes inicia su pasant\u00eda de perfeccionamiento t\u00e9cnico y estil\u00edstico en contrabajo en el tango"},"content":{"rendered":"<p>El proyecto consiste en un programa de perfeccionamiento t\u00e9cnico e interpretativo en el contrabajo, con un enfoque especializado en el tango, bajo la gu\u00eda del profesor Ariel Eberstein, destacado m\u00fasico y pedagogo radicado en Europa.<\/p>\n<p>&nbsp;<\/p>\n<p>Este programa, que se desarrollar\u00e1 durante seis meses, incluir\u00e1 el estudio profundo de t\u00e9cnicas interpretativas, repertorio para ensamble y solista del tango, explorando tanto obras cl\u00e1sicas argentinas como piezas chilenas del g\u00e9nero.<\/p>\n<p>&nbsp;<\/p>\n<p>El objetivo principal es dominar la versatilidad t\u00e9cnica del contrabajo en el tango y desarrollar un discurso sonoro propio. Tambi\u00e9n busca contribuir al desarrollo de la comunidad musical chilena del tango mediante la adquisici\u00f3n y posterior transmisi\u00f3n de conocimientos avanzados en el g\u00e9nero.<\/p>\n<p>&nbsp;<\/p>\n<p>David Alexis Torrej\u00f3n Cifuentes es un contrabajista y bajista el\u00e9ctrico chileno con experiencia en la interpretaci\u00f3n de m\u00fasica popular y cl\u00e1sica. Ha formado parte de diversos proyectos musicales, incluyendo su participaci\u00f3n en el programa Internacional Ethno World, implementado por Junesses Musicales Internationa (JMI), explorando la m\u00fasica tradicional de distintas culturas. Su enfoque art\u00edstico actual se centra en el tango, tanto en su pr\u00e1ctica interpretativa como en la investigaci\u00f3n del repertorio chileno y argentino, buscando conectar estas experiencias de una misma corriente.<\/p>\n<p>&nbsp;<\/p>\n<p>David Alexis Torrej\u00f3n Cifuentes ha sido ganador de la l\u00ednea de \u201cAyuda a la especializaci\u00f3n y el perfeccionamiento art\u00edstico y t\u00e9cnico\u201d del Programa Iberm\u00fasicas, convocatoria 2024.<\/p>\n<p>&nbsp;<\/p>\n<ul>\n<li>Enero a julio. Estudio del profesor Ariel Eberstein, Bruselas, B\u00e9lgica<\/li>\n<\/ul>\n","protected":false},"excerpt":{"rendered":"<p>El proyecto consiste en un programa de perfeccionamiento t\u00e9cnico e interpretativo en el contrabajo, con un enfoque especializado en el tango, bajo la gu\u00eda del profesor Ariel Eberstein, destacado m\u00fasico y pedagogo radicado en Europa. &nbsp; Este programa, que se desarrollar\u00e1 durante seis meses, incluir\u00e1 el estudio profundo de t\u00e9cnicas interpretativas, repertorio para ensamble y [&hellip;]<\/p>\n","protected":false},"author":7,"featured_media":21445,"comment_status":"closed","ping_status":"closed","sticky":false,"template":"","format":"standard","meta":{"footnotes":""},"categories":[53],"tags":[],"class_list":["post-21086","post","type-post","status-publish","format-standard","has-post-thumbnail","hentry","category-noticias-generales"],"lang":"es","translations":{"es":21086},"pll_sync_post":[],"post_mailing_queue_ids":[],"_links":{"self":[{"href":"http:\/\/staging.ibermusicas.org\/index.php\/wp-json\/wp\/v2\/posts\/21086","targetHints":{"allow":["GET"]}}],"collection":[{"href":"http:\/\/staging.ibermusicas.org\/index.php\/wp-json\/wp\/v2\/posts"}],"about":[{"href":"http:\/\/staging.ibermusicas.org\/index.php\/wp-json\/wp\/v2\/types\/post"}],"author":[{"embeddable":true,"href":"http:\/\/staging.ibermusicas.org\/index.php\/wp-json\/wp\/v2\/users\/7"}],"replies":[{"embeddable":true,"href":"http:\/\/staging.ibermusicas.org\/index.php\/wp-json\/wp\/v2\/comments?post=21086"}],"version-history":[{"count":1,"href":"http:\/\/staging.ibermusicas.org\/index.php\/wp-json\/wp\/v2\/posts\/21086\/revisions"}],"predecessor-version":[{"id":21087,"href":"http:\/\/staging.ibermusicas.org\/index.php\/wp-json\/wp\/v2\/posts\/21086\/revisions\/21087"}],"wp:featuredmedia":[{"embeddable":true,"href":"http:\/\/staging.ibermusicas.org\/index.php\/wp-json\/wp\/v2\/media\/21445"}],"wp:attachment":[{"href":"http:\/\/staging.ibermusicas.org\/index.php\/wp-json\/wp\/v2\/media?parent=21086"}],"wp:term":[{"taxonomy":"category","embeddable":true,"href":"http:\/\/staging.ibermusicas.org\/index.php\/wp-json\/wp\/v2\/categories?post=21086"},{"taxonomy":"post_tag","embeddable":true,"href":"http:\/\/staging.ibermusicas.org\/index.php\/wp-json\/wp\/v2\/tags?post=21086"}],"curies":[{"name":"wp","href":"https:\/\/api.w.org\/{rel}","templated":true}]}}