{"id":21348,"date":"2025-01-23T13:14:14","date_gmt":"2025-01-23T13:14:14","guid":{"rendered":"http:\/\/staging.ibermusicas.org\/?p=21348"},"modified":"2025-02-27T16:28:17","modified_gmt":"2025-02-27T16:28:17","slug":"la-4a-edicion-del-festival-corpos-visiveis-llega-a-rio-de-janeiro-coincidiendo-con-la-vii-mostra-cine-diversidade","status":"publish","type":"post","link":"http:\/\/staging.ibermusicas.org\/index.php\/la-4a-edicion-del-festival-corpos-visiveis-llega-a-rio-de-janeiro-coincidiendo-con-la-vii-mostra-cine-diversidade\/","title":{"rendered":"La 4\u00aa edici\u00f3n del Festival Corpos Vis\u00edveis llega a R\u00edo de Janeiro coincidiendo con la VII Mostra Cine Diversidade"},"content":{"rendered":"<p>\u00abCorpos Vis\u00edveis\u00bb es el primer festival latinoamericano centrado en g\u00e9nero y diversidad. En febrero de 2025 celebrar\u00e1 su 4\u00aa edici\u00f3n para centrarse tambi\u00e9n en la cultura ind\u00edgena y negra y en la diversidad territorial e identitaria de Brasil y Am\u00e9rica Latina, conectando pa\u00eds y ciudad, arte y sostenibilidad, artistas y productores de cultura en una red latinoamericana.<\/p>\n<p>&nbsp;<\/p>\n<p>Celebrado conjuntamente con la VII Mostra Cine Diversidade, el evento tendr\u00e1 lugar entre el 17 de enero y el 22 de febrero de 2025, por primera vez de forma itinerante en la ciudad de R\u00edo de Janeiro, a lo largo de 6 d\u00edas de programaci\u00f3n, del sur al norte de la ciudad. En total, ser\u00e1n 8 conciertos, 10 performances, 10 DJ sets, 5 talleres, 5 charlas, incluyendo la participaci\u00f3n de la productora chilena Ilse Far\u00edas \u00c1lvarez, en representaci\u00f3n del Festival Udara para debatir, articular soluciones colectivas y estimular la generaci\u00f3n de oportunidades para la internacionalizaci\u00f3n de proyectos musicales entre pa\u00edses latinoamericanos, teniendo en cuenta el papel de la mujer y la diversidad en el mercado creativo.<\/p>\n<p>&nbsp;<\/p>\n<p>El debate abre la tercera jornada del Festival a las 11h en el Museo de Arte de R\u00edo (MAR), situado en la Pra\u00e7a Mau\u00e1 de R\u00edo de Janeiro, y ser\u00e1 seguido de un encuentro para crear y fortalecer redes de la econom\u00eda cultural y creativa latinoamericana. Ese mismo d\u00eda, el Festival llevar\u00e1 al escenario al bloque AGITO\u00ca, a la banda de maracat\u00fa Baque Mulher y al grupo de carimb\u00f3 Aturi\u00e1, as\u00ed como al DJ La\u00eds Conti en los intermedios, proyecciones de videoarte y clips de la Muestra Cine Diversidade y live panting en directo con la muralista ind\u00edgena Dani Ramalho.<\/p>\n<p>&nbsp;<\/p>\n<p>La presencia de Ilse Far\u00edas \u00c1lvarez en el festival, se hace posible gracias al apoyo de Iberm\u00fasicas mediante su l\u00ednea de \u201cAyuda a la programaci\u00f3n musical\u201d, convocatoria 2024.<\/p>\n<p>&nbsp;<\/p>\n<ul>\n<li>1 de febrero en el Museo de Arte de R\u00edo (MAR), Pra\u00e7a Mau\u00e1, 5 &#8211; Sa\u00fade, R\u00edo de Janeiro &#8211; RJ, 20081-240<\/li>\n<\/ul>\n","protected":false},"excerpt":{"rendered":"<p>\u00abCorpos Vis\u00edveis\u00bb es el primer festival latinoamericano centrado en g\u00e9nero y diversidad. En febrero de 2025 celebrar\u00e1 su 4\u00aa edici\u00f3n para centrarse tambi\u00e9n en la cultura ind\u00edgena y negra y en la diversidad territorial e identitaria de Brasil y Am\u00e9rica Latina, conectando pa\u00eds y ciudad, arte y sostenibilidad, artistas y productores de cultura en una [&hellip;]<\/p>\n","protected":false},"author":7,"featured_media":21462,"comment_status":"closed","ping_status":"closed","sticky":false,"template":"","format":"standard","meta":{"footnotes":""},"categories":[53],"tags":[],"class_list":["post-21348","post","type-post","status-publish","format-standard","has-post-thumbnail","hentry","category-noticias-generales"],"lang":"es","translations":{"es":21348,"pt":21351},"pll_sync_post":[],"post_mailing_queue_ids":[],"_links":{"self":[{"href":"http:\/\/staging.ibermusicas.org\/index.php\/wp-json\/wp\/v2\/posts\/21348","targetHints":{"allow":["GET"]}}],"collection":[{"href":"http:\/\/staging.ibermusicas.org\/index.php\/wp-json\/wp\/v2\/posts"}],"about":[{"href":"http:\/\/staging.ibermusicas.org\/index.php\/wp-json\/wp\/v2\/types\/post"}],"author":[{"embeddable":true,"href":"http:\/\/staging.ibermusicas.org\/index.php\/wp-json\/wp\/v2\/users\/7"}],"replies":[{"embeddable":true,"href":"http:\/\/staging.ibermusicas.org\/index.php\/wp-json\/wp\/v2\/comments?post=21348"}],"version-history":[{"count":1,"href":"http:\/\/staging.ibermusicas.org\/index.php\/wp-json\/wp\/v2\/posts\/21348\/revisions"}],"predecessor-version":[{"id":21350,"href":"http:\/\/staging.ibermusicas.org\/index.php\/wp-json\/wp\/v2\/posts\/21348\/revisions\/21350"}],"wp:featuredmedia":[{"embeddable":true,"href":"http:\/\/staging.ibermusicas.org\/index.php\/wp-json\/wp\/v2\/media\/21462"}],"wp:attachment":[{"href":"http:\/\/staging.ibermusicas.org\/index.php\/wp-json\/wp\/v2\/media?parent=21348"}],"wp:term":[{"taxonomy":"category","embeddable":true,"href":"http:\/\/staging.ibermusicas.org\/index.php\/wp-json\/wp\/v2\/categories?post=21348"},{"taxonomy":"post_tag","embeddable":true,"href":"http:\/\/staging.ibermusicas.org\/index.php\/wp-json\/wp\/v2\/tags?post=21348"}],"curies":[{"name":"wp","href":"https:\/\/api.w.org\/{rel}","templated":true}]}}