{"id":21351,"date":"2025-01-23T13:15:44","date_gmt":"2025-01-23T13:15:44","guid":{"rendered":"http:\/\/staging.ibermusicas.org\/?p=21351"},"modified":"2025-02-27T16:40:14","modified_gmt":"2025-02-27T16:40:14","slug":"chega-ao-rio-de-janeiro-a-4a-edicao-do-festival-corpos-visiveis-realizado-em-conjunto-com-a-vii-mostra-cine-diversidade","status":"publish","type":"post","link":"http:\/\/staging.ibermusicas.org\/index.php\/chega-ao-rio-de-janeiro-a-4a-edicao-do-festival-corpos-visiveis-realizado-em-conjunto-com-a-vii-mostra-cine-diversidade\/","title":{"rendered":"Chega ao Rio de Janeiro a 4\u00aa edi\u00e7\u00e3o do Festival Corpos Vis\u00edveis realizado em conjunto com a VII Mostra Cine Diversidade"},"content":{"rendered":"<p>\u00abCorpos Vis\u00edveis\u00bb \u00e9 o primeiro festival latino-americano focado em g\u00eanero e diversidade. Em fevereiro de 2025 ele chega \u00e0 sua 4\u00aa edi\u00e7\u00e3o para pautar tamb\u00e9m a cultura ind\u00edgena e negra e a diversidade territorial e identit\u00e1ria brasileira e latinoamericana, conectando campo e cidade, arte e sustentabilidade, artistas e produtoras de cultura em rede latino-americana.<\/p>\n<p>&nbsp;<\/p>\n<p>Realizado em conjunto com a VII Mostra Cine Diversidade, o evento acontecer\u00e1 entre os dias 17 de janeiro e 22 de fevereiro de 2025, pela primeira vez de forma itinerante na cidade do Rio de Janeiro, em 6 dias de programa\u00e7\u00e3o, da zona sul \u00e0 norte da cidade. Ao todo, s\u00e3o 8 shows, 10 performances, 10 DJ sets, 5 oficinas, 5 palestras, inclusive com a participa\u00e7\u00e3o da produtora chilena Ilse Far\u00edas \u00c1lvarez, representante do Festival Udara para debater, articular solu\u00e7\u00f5es coletivas e estimular a gera\u00e7\u00e3o de oportunidades para a internacionaliza\u00e7\u00e3o de projetos musicais entre pa\u00edses latino-americanos levando em considera\u00e7\u00e3o o protagonismo feminino e da diversidade no mercado criativo.<\/p>\n<p>&nbsp;<\/p>\n<p>O debate abre o terceiro dia do Festival, \u00e0s 11h, no Museu de Arte do Rio (MAR), localizado na Pra\u00e7a Mau\u00e1, no Rio de Janeiro e ser\u00e1 seguido de um encontro para network e fortalecimento das redes latino-americanas de cultura e economia criativa. Neste mesmo dia, o Festival tr\u00e1s ao palco o bloco AGITO\u00ca, o baque de maracat\u00fa Baque Mulher e o grupo de carimb\u00f3 Aturi\u00e1, al\u00e9m da DJ La\u00eds Conti nos intervalos, exbi\u00e7\u00f5es de videoartes e clipes da Mostra Cine Diversidade e live panting com a muralista ind\u00edgena Dani Ramalho.<\/p>\n<p>&nbsp;<\/p>\n<p>A presen\u00e7a de Ilse Far\u00edas \u00c1lvarez no festival \u00e9 poss\u00edvel gra\u00e7as ao apoio do Iberm\u00fasicas por meio de sua linha de \u201cApoio \u00e0 programa\u00e7\u00e3o musical\u201d, chamada 2024.<\/p>\n<p>&nbsp;<\/p>\n<ul>\n<li>1\u00ba de fevereiro no Museu de Arte do Rio (MAR), Pra\u00e7a Mau\u00e1, 5 &#8211; Sa\u00fade, Rio de Janeiro &#8211; RJ, 20081-240<\/li>\n<\/ul>\n","protected":false},"excerpt":{"rendered":"<p>\u00abCorpos Vis\u00edveis\u00bb \u00e9 o primeiro festival latino-americano focado em g\u00eanero e diversidade. Em fevereiro de 2025 ele chega \u00e0 sua 4\u00aa edi\u00e7\u00e3o para pautar tamb\u00e9m a cultura ind\u00edgena e negra e a diversidade territorial e identit\u00e1ria brasileira e latinoamericana, conectando campo e cidade, arte e sustentabilidade, artistas e produtoras de cultura em rede latino-americana. &nbsp; [&hellip;]<\/p>\n","protected":false},"author":7,"featured_media":21349,"comment_status":"closed","ping_status":"closed","sticky":false,"template":"","format":"standard","meta":{"footnotes":""},"categories":[218],"tags":[],"class_list":["post-21351","post","type-post","status-publish","format-standard","has-post-thumbnail","hentry","category-noticias-generales-pt"],"lang":"pt","translations":{"pt":21351,"es":21348},"pll_sync_post":[],"post_mailing_queue_ids":[],"_links":{"self":[{"href":"http:\/\/staging.ibermusicas.org\/index.php\/wp-json\/wp\/v2\/posts\/21351","targetHints":{"allow":["GET"]}}],"collection":[{"href":"http:\/\/staging.ibermusicas.org\/index.php\/wp-json\/wp\/v2\/posts"}],"about":[{"href":"http:\/\/staging.ibermusicas.org\/index.php\/wp-json\/wp\/v2\/types\/post"}],"author":[{"embeddable":true,"href":"http:\/\/staging.ibermusicas.org\/index.php\/wp-json\/wp\/v2\/users\/7"}],"replies":[{"embeddable":true,"href":"http:\/\/staging.ibermusicas.org\/index.php\/wp-json\/wp\/v2\/comments?post=21351"}],"version-history":[{"count":1,"href":"http:\/\/staging.ibermusicas.org\/index.php\/wp-json\/wp\/v2\/posts\/21351\/revisions"}],"predecessor-version":[{"id":21352,"href":"http:\/\/staging.ibermusicas.org\/index.php\/wp-json\/wp\/v2\/posts\/21351\/revisions\/21352"}],"wp:featuredmedia":[{"embeddable":true,"href":"http:\/\/staging.ibermusicas.org\/index.php\/wp-json\/wp\/v2\/media\/21349"}],"wp:attachment":[{"href":"http:\/\/staging.ibermusicas.org\/index.php\/wp-json\/wp\/v2\/media?parent=21351"}],"wp:term":[{"taxonomy":"category","embeddable":true,"href":"http:\/\/staging.ibermusicas.org\/index.php\/wp-json\/wp\/v2\/categories?post=21351"},{"taxonomy":"post_tag","embeddable":true,"href":"http:\/\/staging.ibermusicas.org\/index.php\/wp-json\/wp\/v2\/tags?post=21351"}],"curies":[{"name":"wp","href":"https:\/\/api.w.org\/{rel}","templated":true}]}}