{"id":21353,"date":"2025-01-23T13:19:31","date_gmt":"2025-01-23T13:19:31","guid":{"rendered":"http:\/\/staging.ibermusicas.org\/?p=21353"},"modified":"2025-02-27T16:28:10","modified_gmt":"2025-02-27T16:28:10","slug":"la-corporacion-centro-de-investigacion-e-interpretacion-de-musica-nueva-cenit-de-colombia-presentara-en-mexico-memorias-de-una-historia-viviente-intervenciones-sonoras-sobre-las-memorias","status":"publish","type":"post","link":"http:\/\/staging.ibermusicas.org\/index.php\/la-corporacion-centro-de-investigacion-e-interpretacion-de-musica-nueva-cenit-de-colombia-presentara-en-mexico-memorias-de-una-historia-viviente-intervenciones-sonoras-sobre-las-memorias\/","title":{"rendered":"La Corporaci\u00f3n Centro de Investigaci\u00f3n e Interpretaci\u00f3n de M\u00fasica Nueva &#8211; C\u00c9NIT, de Colombia presentar\u00e1 en M\u00e9xico \u201cMemorias de una Historia Viviente: intervenciones sonoras sobre las memorias de las v\u00edctimas del conflicto armado en Colombia\u201d"},"content":{"rendered":"<p>C\u00e9nit realizar\u00e1 el concierto \u201cMemorias de una Historia Viviente: intervenciones sonoras sobre las memorias de las v\u00edctimas del conflicto armado en Colombia\u201d en el Centro Mexicano para la M\u00fasica y las Artes Sonoras (CMMAS) en la ciudad de Morelia, Michoac\u00e1n, M\u00e9xico, en el marco de la serie de conciertos \u201cViernes de Conciertos\u201d.<\/p>\n<p>&nbsp;<\/p>\n<p>C\u00e9nit Ensamble nace en 2017 por la necesidad de un grupo de m\u00fasicos profesionales de la ciudad de Pereira (Colombia) de explorar la m\u00fasica contempor\u00e1nea. Desde sus inicios, C\u00e9nit ha tenido como norte la promoci\u00f3n de la m\u00fasica nueva y de los compositores j\u00f3venes, buscando siempre hacer conciertos, en su mayor\u00eda, con obras creadas por encargo para los diferentes proyectos que se han propuesto a lo largo de los a\u00f1os.<\/p>\n<p>&nbsp;<\/p>\n<p>En 2023, despu\u00e9s de la publicaci\u00f3n del Informe Final de la Comisi\u00f3n para el Esclarecimiento de la Verdad, la Convivencia y la No Repetici\u00f3n, C\u00e9nit Ensamble quiso unirse al esfuerzo de difundir el mensaje principal de perd\u00f3n contenido en este informe con la idea de contar las historias all\u00ed contenidas para que estos hechos atroces no se vuelvan a repetir.<\/p>\n<p>&nbsp;<\/p>\n<p>Este proyecto ha sido ganador de la convocatoria 2024 del Programa Iberm\u00fasicas en la l\u00ednea de \u201cAyudas al sector musical para la circulaci\u00f3n\u201d.<\/p>\n<p>&nbsp;<\/p>\n<ul>\n<li>Viernes 7 de febrero en el Centro Mexicano para la M\u00fasica y las Artes Sonoras (CMMAS), Morelia, Michoac\u00e1n, M\u00e9xico.Se podr\u00e1 ver y escuchar en: https:\/\/www.youtube.com\/@cenitensamble9490<\/li>\n<\/ul>\n","protected":false},"excerpt":{"rendered":"<p>C\u00e9nit realizar\u00e1 el concierto \u201cMemorias de una Historia Viviente: intervenciones sonoras sobre las memorias de las v\u00edctimas del conflicto armado en Colombia\u201d en el Centro Mexicano para la M\u00fasica y las Artes Sonoras (CMMAS) en la ciudad de Morelia, Michoac\u00e1n, M\u00e9xico, en el marco de la serie de conciertos \u201cViernes de Conciertos\u201d. &nbsp; C\u00e9nit Ensamble [&hellip;]<\/p>\n","protected":false},"author":7,"featured_media":21461,"comment_status":"closed","ping_status":"closed","sticky":false,"template":"","format":"standard","meta":{"footnotes":""},"categories":[53],"tags":[],"class_list":["post-21353","post","type-post","status-publish","format-standard","has-post-thumbnail","hentry","category-noticias-generales"],"lang":"es","translations":{"es":21353,"pt":21356},"pll_sync_post":[],"post_mailing_queue_ids":[],"_links":{"self":[{"href":"http:\/\/staging.ibermusicas.org\/index.php\/wp-json\/wp\/v2\/posts\/21353","targetHints":{"allow":["GET"]}}],"collection":[{"href":"http:\/\/staging.ibermusicas.org\/index.php\/wp-json\/wp\/v2\/posts"}],"about":[{"href":"http:\/\/staging.ibermusicas.org\/index.php\/wp-json\/wp\/v2\/types\/post"}],"author":[{"embeddable":true,"href":"http:\/\/staging.ibermusicas.org\/index.php\/wp-json\/wp\/v2\/users\/7"}],"replies":[{"embeddable":true,"href":"http:\/\/staging.ibermusicas.org\/index.php\/wp-json\/wp\/v2\/comments?post=21353"}],"version-history":[{"count":2,"href":"http:\/\/staging.ibermusicas.org\/index.php\/wp-json\/wp\/v2\/posts\/21353\/revisions"}],"predecessor-version":[{"id":21424,"href":"http:\/\/staging.ibermusicas.org\/index.php\/wp-json\/wp\/v2\/posts\/21353\/revisions\/21424"}],"wp:featuredmedia":[{"embeddable":true,"href":"http:\/\/staging.ibermusicas.org\/index.php\/wp-json\/wp\/v2\/media\/21461"}],"wp:attachment":[{"href":"http:\/\/staging.ibermusicas.org\/index.php\/wp-json\/wp\/v2\/media?parent=21353"}],"wp:term":[{"taxonomy":"category","embeddable":true,"href":"http:\/\/staging.ibermusicas.org\/index.php\/wp-json\/wp\/v2\/categories?post=21353"},{"taxonomy":"post_tag","embeddable":true,"href":"http:\/\/staging.ibermusicas.org\/index.php\/wp-json\/wp\/v2\/tags?post=21353"}],"curies":[{"name":"wp","href":"https:\/\/api.w.org\/{rel}","templated":true}]}}