{"id":21356,"date":"2025-01-23T13:35:53","date_gmt":"2025-01-23T13:35:53","guid":{"rendered":"http:\/\/staging.ibermusicas.org\/?p=21356"},"modified":"2025-02-27T16:40:07","modified_gmt":"2025-02-27T16:40:07","slug":"a-corporacion-centro-de-investigacion-e-interpretacion-de-musica-nueva-cenit-da-colombia-apresentara-no-mexico-memorias-de-uma-historia-viva-intervencoes-sonoras-sobre-as-memorias-das-vitimas-d","status":"publish","type":"post","link":"http:\/\/staging.ibermusicas.org\/index.php\/a-corporacion-centro-de-investigacion-e-interpretacion-de-musica-nueva-cenit-da-colombia-apresentara-no-mexico-memorias-de-uma-historia-viva-intervencoes-sonoras-sobre-as-memorias-das-vitimas-d\/","title":{"rendered":"A Corporaci\u00f3n Centro de Investigaci\u00f3n e Interpretaci\u00f3n de M\u00fasica Nueva &#8211; C\u00c9NIT, da Col\u00f4mbia, apresentar\u00e1 no M\u00e9xico \u00abMem\u00f3rias de uma hist\u00f3ria viva: interven\u00e7\u00f5es sonoras sobre as mem\u00f3rias das v\u00edtimas do conflito armado na Col\u00f4mbia\u00bb"},"content":{"rendered":"<p>C\u00e9nit apresentar\u00e1 o concerto \u00abMem\u00f3rias de uma hist\u00f3ria viva: interven\u00e7\u00f5es sonoras sobre as mem\u00f3rias das v\u00edtimas do conflito armado na Col\u00f4mbia\u00bb no Centro Mexicano para la M\u00fasica y las Artes Sonoras (CMMAS) na cidade de Morelia, Michoac\u00e1n, M\u00e9xico, como parte da s\u00e9rie de concertos \u201cConcertos de sexta-feira\u201d.<\/p>\n<p>O C\u00e9nit Ensamble nasceu em 2017 a partir da necessidade de um grupo de m\u00fasicos profissionais da cidade de Pereira (Col\u00f4mbia) de explorar a m\u00fasica contempor\u00e2nea. Desde seu in\u00edcio, o C\u00e9nit teve como norte a promo\u00e7\u00e3o da nova m\u00fasica e de jovens compositores, buscando sempre realizar concertos, em sua maioria com obras criadas sob encomenda para os diferentes projetos que foram propostos ao longo dos anos.<\/p>\n<p>Em 2023, ap\u00f3s a publica\u00e7\u00e3o do Relat\u00f3rio Final da Comiss\u00e3o para o Esclarecimento da Verdade, da Coexist\u00eancia e da N\u00e3o Repeti\u00e7\u00e3o, o C\u00e9nit Ensamble quis se unir ao esfor\u00e7o de difundir a principal mensagem de perd\u00e3o contida nesse relat\u00f3rio, com a ideia de contar as hist\u00f3rias nele contidas para que esses eventos atrozes n\u00e3o voltem a acontecer.<\/p>\n<p>Esse projeto ganhou a convocat\u00f3ria 2024 do Programa Iberm\u00fasicas na linha de \u00abApoio \u00e0 circula\u00e7\u00e3o de profissionais da m\u00fasica\u00bb.<\/p>\n<p>&nbsp;<\/p>\n<ul>\n<li>Sexta-feira, 7 de fevereiro, no Centro Mexicano para a M\u00fasica e as Artes Sonoras (CMMAS), Morelia, Michoac\u00e1n, M\u00e9xico. Ele pode ser visto e ouvido em: https:\/\/www.youtube.com\/@cenitensamble9490<\/li>\n<\/ul>\n","protected":false},"excerpt":{"rendered":"<p>C\u00e9nit apresentar\u00e1 o concerto \u00abMem\u00f3rias de uma hist\u00f3ria viva: interven\u00e7\u00f5es sonoras sobre as mem\u00f3rias das v\u00edtimas do conflito armado na Col\u00f4mbia\u00bb no Centro Mexicano para la M\u00fasica y las Artes Sonoras (CMMAS) na cidade de Morelia, Michoac\u00e1n, M\u00e9xico, como parte da s\u00e9rie de concertos \u201cConcertos de sexta-feira\u201d. O C\u00e9nit Ensamble nasceu em 2017 a partir [&hellip;]<\/p>\n","protected":false},"author":7,"featured_media":21463,"comment_status":"closed","ping_status":"closed","sticky":false,"template":"","format":"standard","meta":{"footnotes":""},"categories":[218],"tags":[],"class_list":["post-21356","post","type-post","status-publish","format-standard","has-post-thumbnail","hentry","category-noticias-generales-pt"],"lang":"pt","translations":{"pt":21356,"es":21353},"pll_sync_post":[],"post_mailing_queue_ids":[],"_links":{"self":[{"href":"http:\/\/staging.ibermusicas.org\/index.php\/wp-json\/wp\/v2\/posts\/21356","targetHints":{"allow":["GET"]}}],"collection":[{"href":"http:\/\/staging.ibermusicas.org\/index.php\/wp-json\/wp\/v2\/posts"}],"about":[{"href":"http:\/\/staging.ibermusicas.org\/index.php\/wp-json\/wp\/v2\/types\/post"}],"author":[{"embeddable":true,"href":"http:\/\/staging.ibermusicas.org\/index.php\/wp-json\/wp\/v2\/users\/7"}],"replies":[{"embeddable":true,"href":"http:\/\/staging.ibermusicas.org\/index.php\/wp-json\/wp\/v2\/comments?post=21356"}],"version-history":[{"count":2,"href":"http:\/\/staging.ibermusicas.org\/index.php\/wp-json\/wp\/v2\/posts\/21356\/revisions"}],"predecessor-version":[{"id":21358,"href":"http:\/\/staging.ibermusicas.org\/index.php\/wp-json\/wp\/v2\/posts\/21356\/revisions\/21358"}],"wp:featuredmedia":[{"embeddable":true,"href":"http:\/\/staging.ibermusicas.org\/index.php\/wp-json\/wp\/v2\/media\/21463"}],"wp:attachment":[{"href":"http:\/\/staging.ibermusicas.org\/index.php\/wp-json\/wp\/v2\/media?parent=21356"}],"wp:term":[{"taxonomy":"category","embeddable":true,"href":"http:\/\/staging.ibermusicas.org\/index.php\/wp-json\/wp\/v2\/categories?post=21356"},{"taxonomy":"post_tag","embeddable":true,"href":"http:\/\/staging.ibermusicas.org\/index.php\/wp-json\/wp\/v2\/tags?post=21356"}],"curies":[{"name":"wp","href":"https:\/\/api.w.org\/{rel}","templated":true}]}}