{"id":21359,"date":"2025-01-23T13:38:13","date_gmt":"2025-01-23T13:38:13","guid":{"rendered":"http:\/\/staging.ibermusicas.org\/?p=21359"},"modified":"2025-02-27T16:28:03","modified_gmt":"2025-02-27T16:28:03","slug":"la-musicologa-dramaturgista-y-directora-de-opera-ligiana-costa-hara-una-residencia-en-la-opera-comica-de-paris","status":"publish","type":"post","link":"http:\/\/staging.ibermusicas.org\/index.php\/la-musicologa-dramaturgista-y-directora-de-opera-ligiana-costa-hara-una-residencia-en-la-opera-comica-de-paris\/","title":{"rendered":"La music\u00f3loga, dramaturgista y directora de \u00f3pera Ligiana Costa har\u00e1 una residencia en la \u00d3pera C\u00f3mica de Par\u00eds"},"content":{"rendered":"<p>La music\u00f3loga, dramaturgista y directora de \u00f3pera Ligiana Costa pasar\u00e1 40 d\u00edas trabajando junto a la dramaturga Agn\u00e9s Terrier, responsable de la dramaturg\u00edstica de la importante Op\u00e9ra Comique de Par\u00eds. Durante este tiempo, Ligiana har\u00e1 una presentaci\u00f3n en la conferencia <em>Prima de parole<\/em> en la misma instituci\u00f3n los d\u00edas 12 y 13 de febrero.<\/p>\n<p>&nbsp;<\/p>\n<p>Ligiana Costa es licenciada en canto l\u00edrico por la Universidad de Brasilia, con especializaci\u00f3n en canto barroco por el Real Conservatorio de La Haya (Holanda). Es licenciada en filolog\u00eda musical por la Facultad de Musicolog\u00eda de Cremona (Italia) y doctora en musicolog\u00eda por la Universidad de Tours (Francia) y la Universidad de Mil\u00e1n, con una tesis sobre la \u00f3pera barroca italiana.<\/p>\n<p>&nbsp;<\/p>\n<p>Ha publicado libros de musicolog\u00eda por la Editora da UNESP y en 2017 realiz\u00f3 un posdoctorado en la USP, cuyo resultado fue el libro \u00abEl Corego\u00bb, publicado por Edusp y galardonado con el Premio Flaiano (Italia) y el Premio Jabuti en 2018.<\/p>\n<p>&nbsp;<\/p>\n<p>Trabaja como dramaturgista con directores como Lisenka Heijboer Casta\u00f1\u00f3n, Carla Camurati, Pedro Salazar, William Pereira y Cibele Forjaz. En 2024 debut\u00f3 como creadora y directora del espect\u00e1culo oper\u00edstico Gr\u00e3o da Voz, con el sopranista Bruno de S\u00e1, en el Teatro S\u00e3o Pedro de S\u00e3o Paulo. Ligiana es tambi\u00e9n cantante y compositora, siendo su trabajo m\u00e1s reciente \u00abS\u00e1, um orat\u00f3rio para a Terra\u00bb.<\/p>\n<p>&nbsp;<\/p>\n<p>El proyecto de Ligiana Costa fue seleccionado en la convocatoria 2024 del Programa Iberm\u00fasicas bajo el ep\u00edgrafe \u00abAyuda a artistas e investigadores para residencias\u00bb.<\/p>\n<p>&nbsp;<\/p>\n<ul>\n<li>Del 11 de febrero al 17 de marzo en la \u00d3pera C\u00f3mica de Par\u00eds<\/li>\n<\/ul>\n","protected":false},"excerpt":{"rendered":"<p>La music\u00f3loga, dramaturgista y directora de \u00f3pera Ligiana Costa pasar\u00e1 40 d\u00edas trabajando junto a la dramaturga Agn\u00e9s Terrier, responsable de la dramaturg\u00edstica de la importante Op\u00e9ra Comique de Par\u00eds. Durante este tiempo, Ligiana har\u00e1 una presentaci\u00f3n en la conferencia Prima de parole en la misma instituci\u00f3n los d\u00edas 12 y 13 de febrero. &nbsp; [&hellip;]<\/p>\n","protected":false},"author":7,"featured_media":21460,"comment_status":"closed","ping_status":"closed","sticky":false,"template":"","format":"standard","meta":{"footnotes":""},"categories":[53],"tags":[],"class_list":["post-21359","post","type-post","status-publish","format-standard","has-post-thumbnail","hentry","category-noticias-generales"],"lang":"es","translations":{"es":21359,"pt":21362},"pll_sync_post":[],"post_mailing_queue_ids":[],"_links":{"self":[{"href":"http:\/\/staging.ibermusicas.org\/index.php\/wp-json\/wp\/v2\/posts\/21359","targetHints":{"allow":["GET"]}}],"collection":[{"href":"http:\/\/staging.ibermusicas.org\/index.php\/wp-json\/wp\/v2\/posts"}],"about":[{"href":"http:\/\/staging.ibermusicas.org\/index.php\/wp-json\/wp\/v2\/types\/post"}],"author":[{"embeddable":true,"href":"http:\/\/staging.ibermusicas.org\/index.php\/wp-json\/wp\/v2\/users\/7"}],"replies":[{"embeddable":true,"href":"http:\/\/staging.ibermusicas.org\/index.php\/wp-json\/wp\/v2\/comments?post=21359"}],"version-history":[{"count":1,"href":"http:\/\/staging.ibermusicas.org\/index.php\/wp-json\/wp\/v2\/posts\/21359\/revisions"}],"predecessor-version":[{"id":21361,"href":"http:\/\/staging.ibermusicas.org\/index.php\/wp-json\/wp\/v2\/posts\/21359\/revisions\/21361"}],"wp:featuredmedia":[{"embeddable":true,"href":"http:\/\/staging.ibermusicas.org\/index.php\/wp-json\/wp\/v2\/media\/21460"}],"wp:attachment":[{"href":"http:\/\/staging.ibermusicas.org\/index.php\/wp-json\/wp\/v2\/media?parent=21359"}],"wp:term":[{"taxonomy":"category","embeddable":true,"href":"http:\/\/staging.ibermusicas.org\/index.php\/wp-json\/wp\/v2\/categories?post=21359"},{"taxonomy":"post_tag","embeddable":true,"href":"http:\/\/staging.ibermusicas.org\/index.php\/wp-json\/wp\/v2\/tags?post=21359"}],"curies":[{"name":"wp","href":"https:\/\/api.w.org\/{rel}","templated":true}]}}