{"id":21362,"date":"2025-01-23T13:40:25","date_gmt":"2025-01-23T13:40:25","guid":{"rendered":"http:\/\/staging.ibermusicas.org\/?p=21362"},"modified":"2025-02-27T16:39:57","modified_gmt":"2025-02-27T16:39:57","slug":"a-musicologa-dramaturgista-e-diretora-de-opera-ligiana-costa-fara-uma-residencia-na-opera-comique-de-paris","status":"publish","type":"post","link":"http:\/\/staging.ibermusicas.org\/index.php\/a-musicologa-dramaturgista-e-diretora-de-opera-ligiana-costa-fara-uma-residencia-na-opera-comique-de-paris\/","title":{"rendered":"A music\u00f3loga, dramaturgista e diretora de \u00f3pera Ligiana Costa far\u00e1 uma resid\u00eancia na Op\u00e9ra Comique de Paris"},"content":{"rendered":"<p>A music\u00f3loga, dramaturgista e diretora de \u00f3pera Ligiana Costa passar\u00e1 40 dias trabalhando junto \u00e0 dramaturgista Agn\u00e9s Terrier, respons\u00e1vel pelo dramaturgismo da importante Op\u00e9ra Comique de Paris. Neste per\u00edodo, Ligiana participar\u00e1 com uma apresenta\u00e7\u00e3o da confer\u00eancia <em>Prima de parole<\/em> dentro da mesma institui\u00e7\u00e3o nos dias 12 e 13 de fevereiro.<\/p>\n<p>&nbsp;<\/p>\n<p>Ligiana Costa \u00e9 graduada em canto l\u00edrico pela Universidade de Bras\u00edlia, com especializa\u00e7\u00e3o em canto barroco pelo Conservat\u00f3rio Real de Haia (Holanda). Possui mestrado em Filologia Musical pela Faculdade de Musicologia de Cremona (It\u00e1lia) e doutorado em musicologia pela Universidade de Tours (Fran\u00e7a) e pela Universidade de Mil\u00e3o, com uma tese sobre \u00f3pera barroca italiana.<\/p>\n<p>&nbsp;<\/p>\n<p>Publicou livros de musicologia pela Editora da UNESP e em 2017, concluiu um p\u00f3s-doutorado na USP, cujo resultado, o livro \u201cO Corego\u201d, foi lan\u00e7ado pela Edusp e premiado pelo Pr\u00eamio Flaiano (It\u00e1lia) e pelo Pr\u00eamio Jabuti em 2018.<\/p>\n<p>&nbsp;<\/p>\n<p>Atua como dramaturgista junto a encenadores como Lisenka Heijboer Casta\u00f1\u00f3n, Carla Camurati, Pedro Salazar, William Pereira e Cibele Forjaz. Em 2024 estreou como criadora e diretora do espet\u00e1culo oper\u00edstico Gr\u00e3o da Voz, com o sopranista Bruno de S\u00e1, no Theatro S\u00e3o Pedro em S\u00e3o Paulo. Al\u00e9m disso, Ligiana \u00e9 cantora e compositora, sendo seu trabalho mais recente \u00abS\u00e1, um orat\u00f3rio para a Terra\u00bb.<\/p>\n<p>&nbsp;<\/p>\n<p>O projeto de Ligiana Costa foi selecionado na chamada 2024 do Programa Iberm\u00fasicas na linha \u00abApoio a artistas e pesquisadores para resid\u00eancias\u00bb.<\/p>\n<ul>\n<li>De 11 de fevereiro a 17 de mar\u00e7o na Op\u00e9ra Comique de Paris<\/li>\n<\/ul>\n","protected":false},"excerpt":{"rendered":"<p>A music\u00f3loga, dramaturgista e diretora de \u00f3pera Ligiana Costa passar\u00e1 40 dias trabalhando junto \u00e0 dramaturgista Agn\u00e9s Terrier, respons\u00e1vel pelo dramaturgismo da importante Op\u00e9ra Comique de Paris. Neste per\u00edodo, Ligiana participar\u00e1 com uma apresenta\u00e7\u00e3o da confer\u00eancia Prima de parole dentro da mesma institui\u00e7\u00e3o nos dias 12 e 13 de fevereiro. &nbsp; Ligiana Costa \u00e9 graduada [&hellip;]<\/p>\n","protected":false},"author":7,"featured_media":21360,"comment_status":"closed","ping_status":"closed","sticky":false,"template":"","format":"standard","meta":{"footnotes":""},"categories":[218],"tags":[],"class_list":["post-21362","post","type-post","status-publish","format-standard","has-post-thumbnail","hentry","category-noticias-generales-pt"],"lang":"pt","translations":{"pt":21362,"es":21359},"pll_sync_post":[],"post_mailing_queue_ids":[],"_links":{"self":[{"href":"http:\/\/staging.ibermusicas.org\/index.php\/wp-json\/wp\/v2\/posts\/21362","targetHints":{"allow":["GET"]}}],"collection":[{"href":"http:\/\/staging.ibermusicas.org\/index.php\/wp-json\/wp\/v2\/posts"}],"about":[{"href":"http:\/\/staging.ibermusicas.org\/index.php\/wp-json\/wp\/v2\/types\/post"}],"author":[{"embeddable":true,"href":"http:\/\/staging.ibermusicas.org\/index.php\/wp-json\/wp\/v2\/users\/7"}],"replies":[{"embeddable":true,"href":"http:\/\/staging.ibermusicas.org\/index.php\/wp-json\/wp\/v2\/comments?post=21362"}],"version-history":[{"count":1,"href":"http:\/\/staging.ibermusicas.org\/index.php\/wp-json\/wp\/v2\/posts\/21362\/revisions"}],"predecessor-version":[{"id":21363,"href":"http:\/\/staging.ibermusicas.org\/index.php\/wp-json\/wp\/v2\/posts\/21362\/revisions\/21363"}],"wp:featuredmedia":[{"embeddable":true,"href":"http:\/\/staging.ibermusicas.org\/index.php\/wp-json\/wp\/v2\/media\/21360"}],"wp:attachment":[{"href":"http:\/\/staging.ibermusicas.org\/index.php\/wp-json\/wp\/v2\/media?parent=21362"}],"wp:term":[{"taxonomy":"category","embeddable":true,"href":"http:\/\/staging.ibermusicas.org\/index.php\/wp-json\/wp\/v2\/categories?post=21362"},{"taxonomy":"post_tag","embeddable":true,"href":"http:\/\/staging.ibermusicas.org\/index.php\/wp-json\/wp\/v2\/tags?post=21362"}],"curies":[{"name":"wp","href":"https:\/\/api.w.org\/{rel}","templated":true}]}}