{"id":21364,"date":"2025-01-23T14:00:21","date_gmt":"2025-01-23T14:00:21","guid":{"rendered":"http:\/\/staging.ibermusicas.org\/?p=21364"},"modified":"2025-02-27T16:27:54","modified_gmt":"2025-02-27T16:27:54","slug":"el-musico-brasileno-bernardo-ramos-inicia-su-programa-de-desarrollo-tecnico-y-artistico-antropofagias-pos-hermeto-una-busqueda-de-nuevos-caminos-para-la-musica-brasilena","status":"publish","type":"post","link":"http:\/\/staging.ibermusicas.org\/index.php\/el-musico-brasileno-bernardo-ramos-inicia-su-programa-de-desarrollo-tecnico-y-artistico-antropofagias-pos-hermeto-una-busqueda-de-nuevos-caminos-para-la-musica-brasilena\/","title":{"rendered":"El m\u00fasico brasile\u00f1o Bernardo Ramos inicia su programa de desarrollo t\u00e9cnico y art\u00edstico \u00abAntropofagias p\u00f3s-Hermeto: una b\u00fasqueda de nuevos caminos para la m\u00fasica brasile\u00f1a\u201d"},"content":{"rendered":"<p>El guitarrista, compositor y productor brasile\u00f1o Bernardo Ramos inicia su proceso de desarrollo t\u00e9cnico y art\u00edstico en la Schulich School of Music (McGill University, Montreal, Canad\u00e1), bajo la direcci\u00f3n del profesor John Hollenbeck.<\/p>\n<p>&nbsp;<\/p>\n<p>Durante los meses de febrero y marzo, Bernardo Ramos\u00a0 mantendr\u00e1 reuniones peri\u00f3dicas con su supervisor, John Hollenbeck. En estas reuniones se tratar\u00e1n temas avanzados de composici\u00f3n, interpretaci\u00f3n e improvisaci\u00f3n, dentro de la zona h\u00edbrida entre el jazz, la m\u00fasica contempor\u00e1nea de concierto y la m\u00fasica brasile\u00f1a. Bernardo Ramos tendr\u00e1 la tarea de componer una pieza original, inspirada en las directrices de Hollenbeck. Al final de este proceso, Bernardo Ramos ofrecer\u00e1 un concierto-conferencia en el auditorio de la Schulich School of Music, en el que tocar\u00e1 piezas seleccionadas de su obra, as\u00ed como la nueva pieza, compuesta en Montreal. Como actividad adicional, asistir\u00e1 a las clases colectivas regulares de su supervisor. Ser\u00e1n cursos de composici\u00f3n de jazz, improvisaci\u00f3n y pr\u00e1ctica de conjunto, impartidos en la Universidad McGill.<\/p>\n<p>&nbsp;<\/p>\n<p>Bernardo Ramos, nacido en R\u00edo de Janeiro, Brasil, es reconocido por su formaci\u00f3n bajo la tutela directa de los maestros Itiber\u00ea Zwarg y Hermeto Pascoal. Con m\u00e1s de 20 a\u00f1os de carrera, form\u00f3 parte durante una d\u00e9cada de la Itiber\u00ea Orquestra Fam\u00edlia, grab\u00f3 tres discos y actu\u00f3 en prestigiosas salas de conciertos y festivales de toda Am\u00e9rica Latina. El artista es licenciado en guitarra cl\u00e1sica y m\u00e1ster en composici\u00f3n por la UFRJ. Como compositor, obtuvo reconocimiento por su colaboraci\u00f3n con Nan\u00e1 Vasconcelos en la banda sonora de la producci\u00f3n teatral \u00abCapit\u00e3es da Areia\u00bb (2005), nominada al Premio Shell. Como instrumentista, ha actuado junto a figuras de la talla de Hermeto Pascoal, Dori Caymmi, Idriss Boudrioua, Joyce Moreno y Leny Andrade. Cofundador del grupo Bamboo, ha publicado dos \u00e1lbumes originales y ha recibido reconocimiento internacional con el \u00e1lbum \u00abGesto\u00bb, en colaboraci\u00f3n con Joana Queiroz y Rafael Martini, publicado por Spiral Music en Jap\u00f3n.<\/p>\n<p>&nbsp;<\/p>\n<p>Adem\u00e1s de m\u00fasico, Ramos es productor y arreglista, con proyectos notables como los \u00e1lbumes \u00abToda pessoa pode ser Inven\u00e7\u00e3o\u00bb, de Fernanda Gonzaga, y \u201cUma maneira de dizer\u201d, de Joana Queiroz. Su producci\u00f3n en el \u00e1lbum \u00abSofia Gubaid\u00falina, Hermeto Pascoal e \u00cdgor Stravinsky\u00bb, de la pianista Erika Ribeiro, fue nominada al Grammy Latino 2022 en la categor\u00eda de Mejor \u00c1lbum de M\u00fasica Instrumental. Su trabajo como l\u00edder ha sido plasmado en dos discos. En 2019, el artista lanz\u00f3 el \u00e1lbum en solitario \u00abCanga\u00e7o\u00bb, y en junio de 2024, \u00abPoemas para Tr\u00edo\u00bb, con Bruno Aguilar en el bajo ac\u00fastico y Reinaldo Boaventura en las percusiones &#8211; ambos lanzados por Rocinante.<\/p>\n<p>&nbsp;<\/p>\n<p>John Hollenbeck es un compositor de m\u00fasica inclasificable. Un conceptualista capaz de traducir las tradiciones del jazz y la nueva m\u00fasica a un lenguaje fresco, ecl\u00e9ctico y con visi\u00f3n de futuro, intelectualmente gratificante pero siempre accesible y vibrante. Un baterista y percusionista con una versatilidad l\u00fadica y una inteligencia virtuosa. Por encima de todo, un pensador musical al\u00e9rgico a la repetici\u00f3n, siempre buscando sorprenderse a s\u00ed mismo y a su p\u00fablico.<\/p>\n<p>&nbsp;<\/p>\n<p>El proyecto de Bernardo Ramos ha sido seleccionado dentro de la convocatoria 2024 del Programa Iberm\u00fasicas en la l\u00ednea \u201cAyuda a la especializaci\u00f3n y el perfeccionamiento art\u00edstico y t\u00e9cnico\u201d.<\/p>\n<ul>\n<li>13 de febrero, 16h: Masterclass en el campus de \u201cThe Manhattan School of Music\u201d, ciudad de Nueva York, Estados Unidos<\/li>\n<\/ul>\n","protected":false},"excerpt":{"rendered":"<p>El guitarrista, compositor y productor brasile\u00f1o Bernardo Ramos inicia su proceso de desarrollo t\u00e9cnico y art\u00edstico en la Schulich School of Music (McGill University, Montreal, Canad\u00e1), bajo la direcci\u00f3n del profesor John Hollenbeck. &nbsp; Durante los meses de febrero y marzo, Bernardo Ramos\u00a0 mantendr\u00e1 reuniones peri\u00f3dicas con su supervisor, John Hollenbeck. En estas reuniones se [&hellip;]<\/p>\n","protected":false},"author":7,"featured_media":21459,"comment_status":"closed","ping_status":"closed","sticky":false,"template":"","format":"standard","meta":{"footnotes":""},"categories":[53],"tags":[],"class_list":["post-21364","post","type-post","status-publish","format-standard","has-post-thumbnail","hentry","category-noticias-generales"],"lang":"es","translations":{"es":21364,"pt":21367},"pll_sync_post":[],"post_mailing_queue_ids":[],"_links":{"self":[{"href":"http:\/\/staging.ibermusicas.org\/index.php\/wp-json\/wp\/v2\/posts\/21364","targetHints":{"allow":["GET"]}}],"collection":[{"href":"http:\/\/staging.ibermusicas.org\/index.php\/wp-json\/wp\/v2\/posts"}],"about":[{"href":"http:\/\/staging.ibermusicas.org\/index.php\/wp-json\/wp\/v2\/types\/post"}],"author":[{"embeddable":true,"href":"http:\/\/staging.ibermusicas.org\/index.php\/wp-json\/wp\/v2\/users\/7"}],"replies":[{"embeddable":true,"href":"http:\/\/staging.ibermusicas.org\/index.php\/wp-json\/wp\/v2\/comments?post=21364"}],"version-history":[{"count":2,"href":"http:\/\/staging.ibermusicas.org\/index.php\/wp-json\/wp\/v2\/posts\/21364\/revisions"}],"predecessor-version":[{"id":21472,"href":"http:\/\/staging.ibermusicas.org\/index.php\/wp-json\/wp\/v2\/posts\/21364\/revisions\/21472"}],"wp:featuredmedia":[{"embeddable":true,"href":"http:\/\/staging.ibermusicas.org\/index.php\/wp-json\/wp\/v2\/media\/21459"}],"wp:attachment":[{"href":"http:\/\/staging.ibermusicas.org\/index.php\/wp-json\/wp\/v2\/media?parent=21364"}],"wp:term":[{"taxonomy":"category","embeddable":true,"href":"http:\/\/staging.ibermusicas.org\/index.php\/wp-json\/wp\/v2\/categories?post=21364"},{"taxonomy":"post_tag","embeddable":true,"href":"http:\/\/staging.ibermusicas.org\/index.php\/wp-json\/wp\/v2\/tags?post=21364"}],"curies":[{"name":"wp","href":"https:\/\/api.w.org\/{rel}","templated":true}]}}