{"id":21367,"date":"2025-01-23T14:11:29","date_gmt":"2025-01-23T14:11:29","guid":{"rendered":"http:\/\/staging.ibermusicas.org\/?p=21367"},"modified":"2025-02-27T16:39:42","modified_gmt":"2025-02-27T16:39:42","slug":"o-musico-brasilerio-bernardo-ramos-inicia-seu-processo-de-aperfeicoamento-tecnico-e-artistico-antropofagias-pos-hermeto-uma-busca-por-novos-caminhos-para-a-musica-brasileira","status":"publish","type":"post","link":"http:\/\/staging.ibermusicas.org\/index.php\/o-musico-brasilerio-bernardo-ramos-inicia-seu-processo-de-aperfeicoamento-tecnico-e-artistico-antropofagias-pos-hermeto-uma-busca-por-novos-caminhos-para-a-musica-brasileira\/","title":{"rendered":"O m\u00fasico brasilerio Bernardo Ramos inicia seu processo de aperfei\u00e7oamento t\u00e9cnico e art\u00edstico \u201cAntropofagias p\u00f3s-Hermeto: uma busca por novos caminhos para a m\u00fasica brasileira\u201d"},"content":{"rendered":"<p>O guitarrista, compositor e produtor brasileiro Bernardo Ramos far\u00e1 uma imers\u00e3o de aperfei\u00e7oamento t\u00e9cnico-art\u00edstico na Schulich School of Music (McGill University, Montreal, Canad\u00e1), sob a orienta\u00e7\u00e3o do professor John Hollenbeck.<\/p>\n<p>&nbsp;<\/p>\n<p>Durante os meses de fevereiro e mar\u00e7o, Bernardo Ramos ter\u00e1 encontros regulares com o seu orientador, John Hollenbeck. Nesses encontros, ser\u00e3o discutidas quest\u00f5es avan\u00e7adas de composi\u00e7\u00e3o, performance e improvisa\u00e7\u00e3o, dentro da zona h\u00edbrida entre o jazz, a m\u00fasica contempor\u00e2nea de concerto e a m\u00fasica brasileira. Bernardo tem a tarefa de compor uma pe\u00e7a original, inspirado pelas provoca\u00e7\u00f5es de Hollenbeck. Ao final desse processo, Bernardo Ramos far\u00e1 um concerto-palestra no audit\u00f3rio da Schulich School of Music, no qual tocar\u00e1 pe\u00e7as selecionadas de sua obra, al\u00e9m da nova pe\u00e7a, composta em Montreal. Como atividade adicional, acompanhar\u00e1 as aulas coletivas regulares de seu orientador. Ser\u00e3o cursos de composi\u00e7\u00e3o em jazz, improvisa\u00e7\u00e3o e pr\u00e1tica de conjunto, oferecidas na McGill University.<\/p>\n<p>&nbsp;<\/p>\n<p>Bernardo Ramos, natural do Rio de Janeiro, Brasil, \u00e9 reconhecido por sua forma\u00e7\u00e3o sob a orienta\u00e7\u00e3o direta dos mestres Itiber\u00ea Zwarg e Hermeto Pascoal. Com mais de 20 anos de carreira, passou uma d\u00e9cada como integrante da Itiber\u00ea Orquestra Fam\u00edlia, gravou tr\u00eas \u00e1lbuns e se apresentou em prestigiadas salas de concerto e festivais de Am\u00e9rica Latina. O artista \u00e9 bacharel em viol\u00e3o cl\u00e1ssico e mestrado em composi\u00e7\u00e3o pela UFRJ. Como compositor, ganhou reconhecimento por sua colabora\u00e7\u00e3o com Nan\u00e1 Vasconcelos na trilha sonora da produ\u00e7\u00e3o teatral \u201cCapit\u00e3es da Areia\u201d (2005), indicada ao Pr\u00eamio Shell. Como instrumentista, ele se apresentou ao lado de figuras de destaque como Hermeto Pascoal, Dori Caymmi, Idriss Boudrioua, Joyce Moreno e Leny Andrade. Cofundador do grupo Bamboo, lan\u00e7ou dois \u00e1lbuns de originais e recebeu reconhecimento internacional com o \u00e1lbum \u201cGesto\u201d, em parceria com com Joana Queiroz e Rafael Martini, lan\u00e7ado pela Spiral Music no Jap\u00e3o.<\/p>\n<p>&nbsp;<\/p>\n<p>Para al\u00e9m de m\u00fasico, Ramos \u00e9 produtor e arranjador, tendo projetos not\u00e1veis, como os \u00e1lbuns \u201cToda pessoa pode ser Inven\u00e7\u00e3o\u201d, de Fernanda Gonzaga, e \u201cUma maneira de dizer\u201d, de Joana Queiroz. A sua produ\u00e7\u00e3o no \u00e1lbum \u201cSofia Gubaid\u00falina, Hermeto Pascoal e \u00cdgor Stravinsky\u201d, da pianista Erika Ribeiro, foi nomeada para o Grammy Latino 2022 na categoria de Melhor Instrumento Grammy Latino 2022 na categoria de Melhor \u00c1lbum de M\u00fasica Instrumental. Seu trabalho como l\u00edder recebeu dois registros fonogr\u00e1ficos. Em 2019, o artista lan\u00e7ou o \u00e1lbum solo \u201cCanga\u00e7o\u201d, e em junho de 2024,\u201cPoemas para Trio\u201d, com Bruno Aguilar no baixo ac\u00fastico e Reinaldo Boaventura nas percuss\u00f5es &#8211; ambos lan\u00e7ados pela Rocinante.<\/p>\n<p>&nbsp;<\/p>\n<p>John Hollenbeck \u00e9 um compositor de m\u00fasica n\u00e3o categoriz\u00e1vel. Um conceptualista capaz de traduzir as tradi\u00e7\u00f5es do jazz e da nova m\u00fasica numa linguagem fresca, ecl\u00e9tia e virada para o futuro, intelectualmente gratificante mas sempre acess\u00edvel e vibrante. Um baterista e percussionista dotado de uma versatiidade l\u00fadica e de uma intelig\u00eancia virtuosa. Acima de tudo, um pensador musical al\u00e9rgico \u00e0 repeti\u00e7\u00e3o, procurando sempre surpreender-se a si pr\u00f3prio e ao seu p\u00fablico.<\/p>\n<p>&nbsp;<\/p>\n<p>O projeto de Bernardo Ramos foi selecionado na chamada 2024 do Programa Iberm\u00fasicas na linha \u00abApoio \u00e0 especializa\u00e7\u00e3o e\u00a0 aperfei\u00e7oamento art\u00edstico e t\u00e9cnico\u00bb.<\/p>\n<ul>\n<li>13 de fevereiro, 16h: Masterclass no campus da \u201cThe Manhattan School of Music\u201d, Nova York, EUA<\/li>\n<\/ul>\n","protected":false},"excerpt":{"rendered":"<p>O guitarrista, compositor e produtor brasileiro Bernardo Ramos far\u00e1 uma imers\u00e3o de aperfei\u00e7oamento t\u00e9cnico-art\u00edstico na Schulich School of Music (McGill University, Montreal, Canad\u00e1), sob a orienta\u00e7\u00e3o do professor John Hollenbeck. &nbsp; Durante os meses de fevereiro e mar\u00e7o, Bernardo Ramos ter\u00e1 encontros regulares com o seu orientador, John Hollenbeck. Nesses encontros, ser\u00e3o discutidas quest\u00f5es avan\u00e7adas [&hellip;]<\/p>\n","protected":false},"author":7,"featured_media":21365,"comment_status":"closed","ping_status":"closed","sticky":false,"template":"","format":"standard","meta":{"footnotes":""},"categories":[218],"tags":[],"class_list":["post-21367","post","type-post","status-publish","format-standard","has-post-thumbnail","hentry","category-noticias-generales-pt"],"lang":"pt","translations":{"pt":21367,"es":21364},"pll_sync_post":[],"post_mailing_queue_ids":[],"_links":{"self":[{"href":"http:\/\/staging.ibermusicas.org\/index.php\/wp-json\/wp\/v2\/posts\/21367","targetHints":{"allow":["GET"]}}],"collection":[{"href":"http:\/\/staging.ibermusicas.org\/index.php\/wp-json\/wp\/v2\/posts"}],"about":[{"href":"http:\/\/staging.ibermusicas.org\/index.php\/wp-json\/wp\/v2\/types\/post"}],"author":[{"embeddable":true,"href":"http:\/\/staging.ibermusicas.org\/index.php\/wp-json\/wp\/v2\/users\/7"}],"replies":[{"embeddable":true,"href":"http:\/\/staging.ibermusicas.org\/index.php\/wp-json\/wp\/v2\/comments?post=21367"}],"version-history":[{"count":2,"href":"http:\/\/staging.ibermusicas.org\/index.php\/wp-json\/wp\/v2\/posts\/21367\/revisions"}],"predecessor-version":[{"id":21473,"href":"http:\/\/staging.ibermusicas.org\/index.php\/wp-json\/wp\/v2\/posts\/21367\/revisions\/21473"}],"wp:featuredmedia":[{"embeddable":true,"href":"http:\/\/staging.ibermusicas.org\/index.php\/wp-json\/wp\/v2\/media\/21365"}],"wp:attachment":[{"href":"http:\/\/staging.ibermusicas.org\/index.php\/wp-json\/wp\/v2\/media?parent=21367"}],"wp:term":[{"taxonomy":"category","embeddable":true,"href":"http:\/\/staging.ibermusicas.org\/index.php\/wp-json\/wp\/v2\/categories?post=21367"},{"taxonomy":"post_tag","embeddable":true,"href":"http:\/\/staging.ibermusicas.org\/index.php\/wp-json\/wp\/v2\/tags?post=21367"}],"curies":[{"name":"wp","href":"https:\/\/api.w.org\/{rel}","templated":true}]}}