{"id":21377,"date":"2025-01-23T14:18:08","date_gmt":"2025-01-23T14:18:08","guid":{"rendered":"http:\/\/staging.ibermusicas.org\/?p=21377"},"modified":"2025-02-27T16:39:33","modified_gmt":"2025-02-27T16:39:33","slug":"edurne-arizu-da-espanha-juntamente-com-tomi-lebrero-e-segundo-bercetche-ambos-da-argentina-comecam-sua-pesquisa-com-instrumentos-de-fole","status":"publish","type":"post","link":"http:\/\/staging.ibermusicas.org\/index.php\/edurne-arizu-da-espanha-juntamente-com-tomi-lebrero-e-segundo-bercetche-ambos-da-argentina-comecam-sua-pesquisa-com-instrumentos-de-fole\/","title":{"rendered":"Edurne Arizu, da Espanha, juntamente com Tomi Lebrero e Segundo Bercetche, ambos da Argentina, acabaram sua pesquisa com instrumentos de fole"},"content":{"rendered":"<p>O bandoneonista Tomi Lebrero e o m\u00fasico Segundo Bercetche t\u00eam trabalhado em projetos relacionados \u00e0 ideia do \u00abfuturo das tradi\u00e7\u00f5es\u00bb. Esse projeto tenta criar pontes e contrastes entre o band\u00f4nio e o acorde\u00e3o nos Pirineus, em Navarra e no Pa\u00eds Basco.<\/p>\n<p>&nbsp;<\/p>\n<p>O projeto faz foco no desenvolvimento das diferentes hist\u00f3rias que envolvem os instrumentos de fole em Navarra, nos Pirineus e no Pa\u00eds Basco e as contrastar\u00e1 com os mitos e verdades que envolvem a origem do band\u00f4nio. Em algumas ocasi\u00f5es, ser\u00e1 interessante confrontar as duas vers\u00f5es, como fizeram em sua pesquisa anterior na Alemanha, sem a inten\u00e7\u00e3o de provar que um discurso \u00e9 mais verdadeiro do que o outro, mas sim mostrar como esses discursos podem coexistir e fazem parte do crescente patrim\u00f4nio cultural que envolve essa fam\u00edlia de instrumentos.<\/p>\n<p>&nbsp;<\/p>\n<p>Este projeto \u00e9 apoiado pelo Programa Iberm\u00fasicas por meio de sua convoca\u00e7\u00e3o \u00abAyudas a proyectos virtuales\u00bb, 2023.<\/p>\n<p>&nbsp;<\/p>\n<ul>\n<li>Ver v\u00eddeo em: <a href=\"https:\/\/youtu.be\/NDAp7em54Kw\">https:\/\/youtu.be\/NDAp7em54Kw<\/a><\/li>\n<\/ul>\n","protected":false},"excerpt":{"rendered":"<p>O bandoneonista Tomi Lebrero e o m\u00fasico Segundo Bercetche t\u00eam trabalhado em projetos relacionados \u00e0 ideia do \u00abfuturo das tradi\u00e7\u00f5es\u00bb. Esse projeto tenta criar pontes e contrastes entre o band\u00f4nio e o acorde\u00e3o nos Pirineus, em Navarra e no Pa\u00eds Basco. &nbsp; O projeto faz foco no desenvolvimento das diferentes hist\u00f3rias que envolvem os instrumentos [&hellip;]<\/p>\n","protected":false},"author":7,"featured_media":21375,"comment_status":"closed","ping_status":"closed","sticky":false,"template":"","format":"standard","meta":{"footnotes":""},"categories":[218],"tags":[],"class_list":["post-21377","post","type-post","status-publish","format-standard","has-post-thumbnail","hentry","category-noticias-generales-pt"],"lang":"pt","translations":{"pt":21377,"es":21374},"pll_sync_post":[],"post_mailing_queue_ids":[],"_links":{"self":[{"href":"http:\/\/staging.ibermusicas.org\/index.php\/wp-json\/wp\/v2\/posts\/21377","targetHints":{"allow":["GET"]}}],"collection":[{"href":"http:\/\/staging.ibermusicas.org\/index.php\/wp-json\/wp\/v2\/posts"}],"about":[{"href":"http:\/\/staging.ibermusicas.org\/index.php\/wp-json\/wp\/v2\/types\/post"}],"author":[{"embeddable":true,"href":"http:\/\/staging.ibermusicas.org\/index.php\/wp-json\/wp\/v2\/users\/7"}],"replies":[{"embeddable":true,"href":"http:\/\/staging.ibermusicas.org\/index.php\/wp-json\/wp\/v2\/comments?post=21377"}],"version-history":[{"count":2,"href":"http:\/\/staging.ibermusicas.org\/index.php\/wp-json\/wp\/v2\/posts\/21377\/revisions"}],"predecessor-version":[{"id":21475,"href":"http:\/\/staging.ibermusicas.org\/index.php\/wp-json\/wp\/v2\/posts\/21377\/revisions\/21475"}],"wp:featuredmedia":[{"embeddable":true,"href":"http:\/\/staging.ibermusicas.org\/index.php\/wp-json\/wp\/v2\/media\/21375"}],"wp:attachment":[{"href":"http:\/\/staging.ibermusicas.org\/index.php\/wp-json\/wp\/v2\/media?parent=21377"}],"wp:term":[{"taxonomy":"category","embeddable":true,"href":"http:\/\/staging.ibermusicas.org\/index.php\/wp-json\/wp\/v2\/categories?post=21377"},{"taxonomy":"post_tag","embeddable":true,"href":"http:\/\/staging.ibermusicas.org\/index.php\/wp-json\/wp\/v2\/tags?post=21377"}],"curies":[{"name":"wp","href":"https:\/\/api.w.org\/{rel}","templated":true}]}}