{"id":21385,"date":"2025-01-23T14:38:04","date_gmt":"2025-01-23T14:38:04","guid":{"rendered":"http:\/\/staging.ibermusicas.org\/?p=21385"},"modified":"2025-02-27T16:39:27","modified_gmt":"2025-02-27T16:39:27","slug":"mulheres-no-universo-musical-de-sao-tome-e-principe-e-o-projeto-de-investigacao-de-magdalena-chambel-que-comeca-em-fevereiro","status":"publish","type":"post","link":"http:\/\/staging.ibermusicas.org\/index.php\/mulheres-no-universo-musical-de-sao-tome-e-principe-e-o-projeto-de-investigacao-de-magdalena-chambel-que-comeca-em-fevereiro\/","title":{"rendered":"\u201cMulheres no universo musical de S\u00e3o Tom\u00e9 e Pr\u00edncipe\u201d \u00e9 o projeto de investiga\u00e7\u00e3o de Magdalena Chambel que come\u00e7a em fevereiro"},"content":{"rendered":"<p>A pesquisadora portuguesa Magdalena Chambel inicia sua resid\u00eancia de pesquisa na Agro N\u2019Gol\u00e1, em S\u00e3o Jo\u00e3o dos Angolares, S\u00e3o Tom\u00e9 e Pr\u00edncipe. O projeto tem como objetivo o mapeamento, a documenta\u00e7\u00e3o e a an\u00e1lise da participa\u00e7\u00e3o de mulheres no universo musical de S\u00e3o Tom\u00e9 e Pr\u00edncipe. Pretende-se identificar os fatores que causam a sua parca presen\u00e7a. O foco principal \u00e9 dirigido \u00e0s artistas individuais, atualmente ou recentemente ativas.<\/p>\n<p>&nbsp;<\/p>\n<p>Al\u00e9m das entrevistas \u00e0s artistas de v\u00e1rias partes do arquip\u00e9lago, ser\u00e1 realizado um estudo de caso de pontos de vista das mulheres santomenses sobre a participa\u00e7\u00e3o feminina nas atividades musicais. \u00c0s atividades cient\u00edficas, juntar-se-\u00e3o outras, de car\u00e1ter sociocultural, educativo e art\u00edstico. Com este projeto pretende-se ampliar e multiplicar as vozes das mulheres artistas.<\/p>\n<p>&nbsp;<\/p>\n<p>Magdalena Chambel \u00e9 investigadora investigadora do Centro de Hist\u00f3ria da Universidade de Lisboa, do Centro de Estudos Sociais Am\u00edlcar Cabral em Bissau e do Centro de Estudos Internacionais do Iscte. Doutorada e mestre em Estudos Africanos pelo Iscte \u2013 Instituto Universit\u00e1rio de Lisboa, licenciada em Etnologia e Antropologia Cultural pela Universidade de Vars\u00f3via e formada em M\u00fasica pelo Conservat\u00f3rio Nacional de M\u00fasica. Realizou um projeto de p\u00f3s-doutoramento em Hist\u00f3ria no LLACAN\/CNRS (Fran\u00e7a). \u00c9 fundadora da organiza\u00e7\u00e3o santomense Manga-Manga (manga-manga.com), autora do portal Mapa Cultural de S\u00e3o Tom\u00e9 e Pr\u00edncipe (cultura.st) e faz parte da comiss\u00e3o editorial da Agenda Cultural de Bissau. Realizou e produziu dois document\u00e1rios sobre a hist\u00f3ria das ro\u00e7as em STP. \u00c9 autora do livro \u201cD\u00eaxa pu\u00edta s\u00f3c\u00f3(m)p\u00e9. M\u00fasica em S\u00e3o Tom\u00e9 e Pr\u00edncipe: do colonialismo \u00e0 independ\u00eancia\u201d (Lisboa, 2022).<\/p>\n<p>&nbsp;<\/p>\n<p>Colaboraram neste projeto: Jos\u00e9 Chambel (fot\u00f3grafo), Jo\u00e3o Carlos \u201cNez\u00f3\u201d (m\u00fasico, compositor, artista pl\u00e1stico), Grupo de bulau\u00ea Nh\u00e9 Kosso de S\u00e3o Jo\u00e3o dos Angolares, e o povo de Agro N\u2019Gol\u00e1, S\u00e3o Jo\u00e3o dos Angolares<\/p>\n<p><em>\u00a0<\/em><\/p>\n<p>O projeto \u00abMulheres no universo musical de S\u00e3o Tom\u00e9 e Pr\u00edncipe\u00bb venceu a convocat\u00f3ria do Iberm\u00fasicas 2024 para Apoio a artistas e pesquisadores para resid\u00eancias.<\/p>\n","protected":false},"excerpt":{"rendered":"<p>A pesquisadora portuguesa Magdalena Chambel inicia sua resid\u00eancia de pesquisa na Agro N\u2019Gol\u00e1, em S\u00e3o Jo\u00e3o dos Angolares, S\u00e3o Tom\u00e9 e Pr\u00edncipe. O projeto tem como objetivo o mapeamento, a documenta\u00e7\u00e3o e a an\u00e1lise da participa\u00e7\u00e3o de mulheres no universo musical de S\u00e3o Tom\u00e9 e Pr\u00edncipe. Pretende-se identificar os fatores que causam a sua parca [&hellip;]<\/p>\n","protected":false},"author":7,"featured_media":21382,"comment_status":"closed","ping_status":"closed","sticky":false,"template":"","format":"standard","meta":{"footnotes":""},"categories":[218],"tags":[],"class_list":["post-21385","post","type-post","status-publish","format-standard","has-post-thumbnail","hentry","category-noticias-generales-pt"],"lang":"pt","translations":{"pt":21385,"es":21381},"pll_sync_post":[],"post_mailing_queue_ids":[],"_links":{"self":[{"href":"http:\/\/staging.ibermusicas.org\/index.php\/wp-json\/wp\/v2\/posts\/21385","targetHints":{"allow":["GET"]}}],"collection":[{"href":"http:\/\/staging.ibermusicas.org\/index.php\/wp-json\/wp\/v2\/posts"}],"about":[{"href":"http:\/\/staging.ibermusicas.org\/index.php\/wp-json\/wp\/v2\/types\/post"}],"author":[{"embeddable":true,"href":"http:\/\/staging.ibermusicas.org\/index.php\/wp-json\/wp\/v2\/users\/7"}],"replies":[{"embeddable":true,"href":"http:\/\/staging.ibermusicas.org\/index.php\/wp-json\/wp\/v2\/comments?post=21385"}],"version-history":[{"count":1,"href":"http:\/\/staging.ibermusicas.org\/index.php\/wp-json\/wp\/v2\/posts\/21385\/revisions"}],"predecessor-version":[{"id":21386,"href":"http:\/\/staging.ibermusicas.org\/index.php\/wp-json\/wp\/v2\/posts\/21385\/revisions\/21386"}],"wp:featuredmedia":[{"embeddable":true,"href":"http:\/\/staging.ibermusicas.org\/index.php\/wp-json\/wp\/v2\/media\/21382"}],"wp:attachment":[{"href":"http:\/\/staging.ibermusicas.org\/index.php\/wp-json\/wp\/v2\/media?parent=21385"}],"wp:term":[{"taxonomy":"category","embeddable":true,"href":"http:\/\/staging.ibermusicas.org\/index.php\/wp-json\/wp\/v2\/categories?post=21385"},{"taxonomy":"post_tag","embeddable":true,"href":"http:\/\/staging.ibermusicas.org\/index.php\/wp-json\/wp\/v2\/tags?post=21385"}],"curies":[{"name":"wp","href":"https:\/\/api.w.org\/{rel}","templated":true}]}}