{"id":21387,"date":"2025-01-23T14:39:08","date_gmt":"2025-01-23T14:39:08","guid":{"rendered":"http:\/\/staging.ibermusicas.org\/?p=21387"},"modified":"2025-02-27T16:27:31","modified_gmt":"2025-02-27T16:27:31","slug":"la-artista-y-compositora-espanola-catalina-ishtar-presenta-skane-una-experiencia-inmersiva-para-la-concienciacion-medioambiental","status":"publish","type":"post","link":"http:\/\/staging.ibermusicas.org\/index.php\/la-artista-y-compositora-espanola-catalina-ishtar-presenta-skane-una-experiencia-inmersiva-para-la-concienciacion-medioambiental\/","title":{"rendered":"La artista y compositora espa\u00f1ola Catalina Ishtar presenta \u201cSk\u00e5ne: Una Experiencia Inmersiva para la Concienciaci\u00f3n Medioambiental\u201d"},"content":{"rendered":"<p>Catalina Ishtar presenta su m\u00e1s reciente proyecto interdisciplinario, \u00abSk\u00e5ne: Una Experiencia Inmersiva para la Concienciaci\u00f3n Medioambiental\u00bb, una residencia art\u00edstica que combina m\u00fasica, tecnolog\u00eda y arte olfativo para reflexionar sobre la transformaci\u00f3n del entorno natural frente a los efectos de la urbanizaci\u00f3n. Esta iniciativa se desarrollar\u00e1 en la regi\u00f3n de Sk\u00e5ne, Suecia, con el apoyo del Museo de Arte de Malm\u00f6 y el Inter Art Center de la\u00a0 Universidad de Lund.<\/p>\n<p>&nbsp;<\/p>\n<p>El coraz\u00f3n del proyecto es una obra musical innovadora que parte de grabaciones de campo realizadas en los paisajes naturales de Sk\u00e5ne, incluyendo sonidos de la fauna, el viento y el agua, as\u00ed como la contaminaci\u00f3n auditiva urbana. Estos elementos son procesados mediante an\u00e1lisis espectrales para desarrollar composiciones que contrastan la pureza sonora de la naturaleza con los efectos del crecimiento urbano.<\/p>\n<p>&nbsp;<\/p>\n<p>La instalaci\u00f3n inmersiva que complementa esta experiencia combina los paisajes sonoros con aromas locales, evocando una experiencia multisensorial que transforma la percepci\u00f3n del espacio. Este proyecto no solo refleja un compromiso con la sostenibilidad, sino que tambi\u00e9n explora el potencial de la m\u00fasica contempor\u00e1nea como medio de conciencia social.<\/p>\n<p>&nbsp;<\/p>\n<p>La presentaci\u00f3n p\u00fablica tendr\u00e1 lugar en Malm\u00f6, Suecia, marcando el cierre de este viaje creativo que invita a reflexionar sobre la conexi\u00f3n entre el arte, la naturaleza y la humanidad.<\/p>\n<p>&nbsp;<\/p>\n<p>\u201cSk\u00e5ne: Una Experiencia Inmersiva para la Concienciaci\u00f3n Medioambiental\u201d de Catalina Ishtar es un proyecto ganador de la convocatoria 2024 del Programa Iberm\u00fasicas en su l\u00ednea de Ayuda a artistas e investigadores para residencias.<\/p>\n","protected":false},"excerpt":{"rendered":"<p>Catalina Ishtar presenta su m\u00e1s reciente proyecto interdisciplinario, \u00abSk\u00e5ne: Una Experiencia Inmersiva para la Concienciaci\u00f3n Medioambiental\u00bb, una residencia art\u00edstica que combina m\u00fasica, tecnolog\u00eda y arte olfativo para reflexionar sobre la transformaci\u00f3n del entorno natural frente a los efectos de la urbanizaci\u00f3n. Esta iniciativa se desarrollar\u00e1 en la regi\u00f3n de Sk\u00e5ne, Suecia, con el apoyo del [&hellip;]<\/p>\n","protected":false},"author":7,"featured_media":21454,"comment_status":"closed","ping_status":"closed","sticky":false,"template":"","format":"standard","meta":{"footnotes":""},"categories":[53],"tags":[],"class_list":["post-21387","post","type-post","status-publish","format-standard","has-post-thumbnail","hentry","category-noticias-generales"],"lang":"es","translations":{"es":21387,"pt":21390},"pll_sync_post":[],"post_mailing_queue_ids":[],"_links":{"self":[{"href":"http:\/\/staging.ibermusicas.org\/index.php\/wp-json\/wp\/v2\/posts\/21387","targetHints":{"allow":["GET"]}}],"collection":[{"href":"http:\/\/staging.ibermusicas.org\/index.php\/wp-json\/wp\/v2\/posts"}],"about":[{"href":"http:\/\/staging.ibermusicas.org\/index.php\/wp-json\/wp\/v2\/types\/post"}],"author":[{"embeddable":true,"href":"http:\/\/staging.ibermusicas.org\/index.php\/wp-json\/wp\/v2\/users\/7"}],"replies":[{"embeddable":true,"href":"http:\/\/staging.ibermusicas.org\/index.php\/wp-json\/wp\/v2\/comments?post=21387"}],"version-history":[{"count":1,"href":"http:\/\/staging.ibermusicas.org\/index.php\/wp-json\/wp\/v2\/posts\/21387\/revisions"}],"predecessor-version":[{"id":21389,"href":"http:\/\/staging.ibermusicas.org\/index.php\/wp-json\/wp\/v2\/posts\/21387\/revisions\/21389"}],"wp:featuredmedia":[{"embeddable":true,"href":"http:\/\/staging.ibermusicas.org\/index.php\/wp-json\/wp\/v2\/media\/21454"}],"wp:attachment":[{"href":"http:\/\/staging.ibermusicas.org\/index.php\/wp-json\/wp\/v2\/media?parent=21387"}],"wp:term":[{"taxonomy":"category","embeddable":true,"href":"http:\/\/staging.ibermusicas.org\/index.php\/wp-json\/wp\/v2\/categories?post=21387"},{"taxonomy":"post_tag","embeddable":true,"href":"http:\/\/staging.ibermusicas.org\/index.php\/wp-json\/wp\/v2\/tags?post=21387"}],"curies":[{"name":"wp","href":"https:\/\/api.w.org\/{rel}","templated":true}]}}