{"id":21390,"date":"2025-01-23T14:40:35","date_gmt":"2025-01-23T14:40:35","guid":{"rendered":"http:\/\/staging.ibermusicas.org\/?p=21390"},"modified":"2025-02-27T16:39:21","modified_gmt":"2025-02-27T16:39:21","slug":"a-artista-e-compositora-espanhola-catalina-ishtar-apresenta-skane-uma-experiencia-imersiva-para-conscientizacao-ambiental","status":"publish","type":"post","link":"http:\/\/staging.ibermusicas.org\/index.php\/a-artista-e-compositora-espanhola-catalina-ishtar-apresenta-skane-uma-experiencia-imersiva-para-conscientizacao-ambiental\/","title":{"rendered":"A artista e compositora espanhola Catalina Ishtar apresenta \u201cSk\u00e5ne: uma experi\u00eancia imersiva para conscientiza\u00e7\u00e3o ambiental\u201d"},"content":{"rendered":"<p>Catalina Ishtar apresenta seu mais recente projeto interdisciplinar, \u201cSk\u00e5ne: uma experi\u00eancia imersiva para conscientiza\u00e7\u00e3o ambiental\u201d, uma resid\u00eancia art\u00edstica que combina m\u00fasica, tecnologia e arte olfativa para refletir sobre a transforma\u00e7\u00e3o do ambiente natural diante dos efeitos da urbaniza\u00e7\u00e3o. Essa iniciativa ser\u00e1 realizada na regi\u00e3o de Sk\u00e5ne, na Su\u00e9cia, com o apoio do Museu de Arte de Malm\u00f6 e do Inter Art Center da Universidade de Lund.<\/p>\n<p>&nbsp;<\/p>\n<p>No centro do projeto est\u00e1 um trabalho musical inovador baseado em grava\u00e7\u00f5es de campo feitas nas paisagens naturais de Sk\u00e5ne, incluindo sons da vida selvagem, do vento e da \u00e1gua, bem como da polui\u00e7\u00e3o sonora urbana. Esses elementos s\u00e3o processados por meio de an\u00e1lise espectral para desenvolver composi\u00e7\u00f5es que contrastam a pureza s\u00f4nica da natureza com os efeitos da expans\u00e3o urbana.<\/p>\n<p>&nbsp;<\/p>\n<p>A instala\u00e7\u00e3o imersiva que complementa essa experi\u00eancia combina as paisagens sonoras com aromas locais, evocando uma experi\u00eancia multissensorial que transforma a percep\u00e7\u00e3o do espa\u00e7o. Esse projeto n\u00e3o apenas reflete um compromisso com a sustentabilidade, mas tamb\u00e9m explora o potencial da m\u00fasica contempor\u00e2nea como um meio de conscientiza\u00e7\u00e3o social.<\/p>\n<p>A apresenta\u00e7\u00e3o p\u00fablica ocorrer\u00e1 em Malm\u00f6, na Su\u00e9cia, marcando o encerramento dessa jornada criativa que convida \u00e0 reflex\u00e3o sobre a conex\u00e3o entre arte, natureza e humanidade.<\/p>\n<p>&nbsp;<\/p>\n<p>\u201cSk\u00e5ne: uma experi\u00eancia imersiva para conscientiza\u00e7\u00e3o ambiental\u201d, de Catalina Ishtar, \u00e9 um projeto vencedor da convocat\u00f3ria 2024 do Programa Iberm\u00fasicas em sua linha de Apoio a artistas e pesquisadores para resid\u00eancias.<\/p>\n","protected":false},"excerpt":{"rendered":"<p>Catalina Ishtar apresenta seu mais recente projeto interdisciplinar, \u201cSk\u00e5ne: uma experi\u00eancia imersiva para conscientiza\u00e7\u00e3o ambiental\u201d, uma resid\u00eancia art\u00edstica que combina m\u00fasica, tecnologia e arte olfativa para refletir sobre a transforma\u00e7\u00e3o do ambiente natural diante dos efeitos da urbaniza\u00e7\u00e3o. Essa iniciativa ser\u00e1 realizada na regi\u00e3o de Sk\u00e5ne, na Su\u00e9cia, com o apoio do Museu de Arte [&hellip;]<\/p>\n","protected":false},"author":7,"featured_media":21388,"comment_status":"closed","ping_status":"closed","sticky":false,"template":"","format":"standard","meta":{"footnotes":""},"categories":[218],"tags":[],"class_list":["post-21390","post","type-post","status-publish","format-standard","has-post-thumbnail","hentry","category-noticias-generales-pt"],"lang":"pt","translations":{"pt":21390,"es":21387},"pll_sync_post":[],"post_mailing_queue_ids":[],"_links":{"self":[{"href":"http:\/\/staging.ibermusicas.org\/index.php\/wp-json\/wp\/v2\/posts\/21390","targetHints":{"allow":["GET"]}}],"collection":[{"href":"http:\/\/staging.ibermusicas.org\/index.php\/wp-json\/wp\/v2\/posts"}],"about":[{"href":"http:\/\/staging.ibermusicas.org\/index.php\/wp-json\/wp\/v2\/types\/post"}],"author":[{"embeddable":true,"href":"http:\/\/staging.ibermusicas.org\/index.php\/wp-json\/wp\/v2\/users\/7"}],"replies":[{"embeddable":true,"href":"http:\/\/staging.ibermusicas.org\/index.php\/wp-json\/wp\/v2\/comments?post=21390"}],"version-history":[{"count":1,"href":"http:\/\/staging.ibermusicas.org\/index.php\/wp-json\/wp\/v2\/posts\/21390\/revisions"}],"predecessor-version":[{"id":21391,"href":"http:\/\/staging.ibermusicas.org\/index.php\/wp-json\/wp\/v2\/posts\/21390\/revisions\/21391"}],"wp:featuredmedia":[{"embeddable":true,"href":"http:\/\/staging.ibermusicas.org\/index.php\/wp-json\/wp\/v2\/media\/21388"}],"wp:attachment":[{"href":"http:\/\/staging.ibermusicas.org\/index.php\/wp-json\/wp\/v2\/media?parent=21390"}],"wp:term":[{"taxonomy":"category","embeddable":true,"href":"http:\/\/staging.ibermusicas.org\/index.php\/wp-json\/wp\/v2\/categories?post=21390"},{"taxonomy":"post_tag","embeddable":true,"href":"http:\/\/staging.ibermusicas.org\/index.php\/wp-json\/wp\/v2\/tags?post=21390"}],"curies":[{"name":"wp","href":"https:\/\/api.w.org\/{rel}","templated":true}]}}