{"id":21392,"date":"2025-01-23T17:37:25","date_gmt":"2025-01-23T17:37:25","guid":{"rendered":"http:\/\/staging.ibermusicas.org\/?p=21392"},"modified":"2025-01-28T21:40:30","modified_gmt":"2025-01-28T21:40:30","slug":"el-musico-espanol-kiran-rossello-delporte-comienza-su-master-en-interpretacion-de-violin-en-la-hochschule-der-kunste-bern-de-suiza","status":"publish","type":"post","link":"http:\/\/staging.ibermusicas.org\/index.php\/el-musico-espanol-kiran-rossello-delporte-comienza-su-master-en-interpretacion-de-violin-en-la-hochschule-der-kunste-bern-de-suiza\/","title":{"rendered":"El m\u00fasico espa\u00f1ol Kiran Rossell\u00f3 Delporte comienza su M\u00e1ster en Interpretaci\u00f3n de viol\u00edn en la Hochschule der K\u00fcnste Bern de Suiza"},"content":{"rendered":"<p>El proyecto de Kiran Rossell\u00f3 Delporte tiene como objetivo la realizaci\u00f3n de un M\u00e1ster en Interpretaci\u00f3n de Viol\u00edn en la Hochschule der K\u00fcnste Bern (HKB), Suiza, una instituci\u00f3n reconocida por su m\u00e1xima excelencia en la formaci\u00f3n de m\u00fasicos. Este programa le permitir\u00e1 al artista perfeccionar sus habilidades interpretativas y t\u00e9cnicas, explorar un amplio repertorio cl\u00e1sico y contempor\u00e1neo, y profundizar en su desarrollo art\u00edstico bajo la gu\u00eda de destacados profesores.<\/p>\n<p>&nbsp;<\/p>\n<p>El m\u00e1ster incluye clases individuales, seminarios especializados y masterclasses impartidas por artistas internacionales, adem\u00e1s de actividades de investigaci\u00f3n orientadas a la innovaci\u00f3n en la interpretaci\u00f3n musical. Bajo la tutor\u00eda del reconocido violinista Jonian Ilias Kadesha, Kiran tendr\u00e1 la oportunidad de recibir una formaci\u00f3n integral de alto rendimiento que combina excelencia t\u00e9cnica con exploraci\u00f3n creativa.<\/p>\n<p>&nbsp;<\/p>\n<p>Kiran Rossell\u00f3 cuenta con una s\u00f3lida formaci\u00f3n en diferentes disciplinas musicales. Compagina su actividad orquestal con actuaciones de solista as\u00ed como de m\u00fasica de c\u00e1mara en festivales y salas de conciertos del panorama nacional e internacional. Ha realizado sus estudios superiores de viol\u00edn en el Real Conservatorio Superior de M\u00fasica de Madrid en la c\u00e1tedra de Ana Mar\u00eda Valderrama. Estos estudios fueron completados con un postgrado con el maestro Igor Malinovsky en la Hochschule f\u00fcr Musik Carl Maria von Weber Dresden. Recibi\u00f3 una beca para asistir al Classical Music Institute en Estados Unidos, realizando conciertos de m\u00fasica de c\u00e1mara como invitado especial con miembros de \u201cThe Chamber Music Society of Lincoln Center\u201d. Tambi\u00e9n fue aceptado con la beca art\u00edstica \u201cNew Horizons\u201d como alumno del Aspen Music Festival, con el maestro Mr. Masao Kawasaki de la Juilliard School en Nueva York. Ha participado en otros importantes festivales como \u201cSanta Catalina Classics 2024\u201d y su selecci\u00f3n para formar parte del \u201cXXII Encuentro de M\u00fasica y Academia de Santander 2023\u201d. Como solista, destaca su participaci\u00f3n\u00a0 con la Orquesta Filarm\u00f3nica de M\u00e1laga en su Ciclo de conciertos Frente al Mar. Tambi\u00e9n algunas de sus recientes actuaciones sol\u00edsticas con la Orquesta Cl\u00e1sica Mariana Mart\u00ednez en Madrid y la Dresdner Residenz Orchestra en la sala Dresdner Zwinger, Alemania. Adem\u00e1s de haber formado parte de la Joven Orquesta Nacional de Espa\u00f1a, tambi\u00e9n ha colaborado como invitado en varios conciertos y giras nacionales con la Orquesta y Coro RTVE, as\u00ed como con la Orquesta de Cadaqu\u00e9s con el maestro Gianandrea Noseda.<\/p>\n<p>&nbsp;<\/p>\n<p>Sumado a su pasi\u00f3n por la interpretaci\u00f3n, Kiran tiene un fuerte compromiso social. Su visi\u00f3n incluye utilizar los conocimientos adquiridos a lo largo de su carrera para contribuir al desarrollo cultural de su pa\u00eds, organizando actividades que fomenten el acceso a la m\u00fasica cl\u00e1sica y la formaci\u00f3n art\u00edstica en su comunidad.<\/p>\n<p>&nbsp;<\/p>\n<p>Kiran Rossell\u00f3 Delporte ha sido ganador de la convocatoria 2024 del Programa Iberm\u00fasicas en su l\u00ednea de Ayuda a la especializaci\u00f3n y el perfeccionamiento art\u00edstico y t\u00e9cnico.<\/p>\n<p>&nbsp;<\/p>\n<ul>\n<li>Del 17 de febrero al 17 de julio<\/li>\n<\/ul>\n","protected":false},"excerpt":{"rendered":"<p>El proyecto de Kiran Rossell\u00f3 Delporte tiene como objetivo la realizaci\u00f3n de un M\u00e1ster en Interpretaci\u00f3n de Viol\u00edn en la Hochschule der K\u00fcnste Bern (HKB), Suiza, una instituci\u00f3n reconocida por su m\u00e1xima excelencia en la formaci\u00f3n de m\u00fasicos. Este programa le permitir\u00e1 al artista perfeccionar sus habilidades interpretativas y t\u00e9cnicas, explorar un amplio repertorio cl\u00e1sico [&hellip;]<\/p>\n","protected":false},"author":7,"featured_media":21453,"comment_status":"closed","ping_status":"closed","sticky":false,"template":"","format":"standard","meta":{"footnotes":""},"categories":[53],"tags":[],"class_list":["post-21392","post","type-post","status-publish","format-standard","has-post-thumbnail","hentry","category-noticias-generales"],"lang":"es","translations":{"es":21392,"pt":21395},"pll_sync_post":[],"post_mailing_queue_ids":[],"_links":{"self":[{"href":"http:\/\/staging.ibermusicas.org\/index.php\/wp-json\/wp\/v2\/posts\/21392","targetHints":{"allow":["GET"]}}],"collection":[{"href":"http:\/\/staging.ibermusicas.org\/index.php\/wp-json\/wp\/v2\/posts"}],"about":[{"href":"http:\/\/staging.ibermusicas.org\/index.php\/wp-json\/wp\/v2\/types\/post"}],"author":[{"embeddable":true,"href":"http:\/\/staging.ibermusicas.org\/index.php\/wp-json\/wp\/v2\/users\/7"}],"replies":[{"embeddable":true,"href":"http:\/\/staging.ibermusicas.org\/index.php\/wp-json\/wp\/v2\/comments?post=21392"}],"version-history":[{"count":1,"href":"http:\/\/staging.ibermusicas.org\/index.php\/wp-json\/wp\/v2\/posts\/21392\/revisions"}],"predecessor-version":[{"id":21394,"href":"http:\/\/staging.ibermusicas.org\/index.php\/wp-json\/wp\/v2\/posts\/21392\/revisions\/21394"}],"wp:featuredmedia":[{"embeddable":true,"href":"http:\/\/staging.ibermusicas.org\/index.php\/wp-json\/wp\/v2\/media\/21453"}],"wp:attachment":[{"href":"http:\/\/staging.ibermusicas.org\/index.php\/wp-json\/wp\/v2\/media?parent=21392"}],"wp:term":[{"taxonomy":"category","embeddable":true,"href":"http:\/\/staging.ibermusicas.org\/index.php\/wp-json\/wp\/v2\/categories?post=21392"},{"taxonomy":"post_tag","embeddable":true,"href":"http:\/\/staging.ibermusicas.org\/index.php\/wp-json\/wp\/v2\/tags?post=21392"}],"curies":[{"name":"wp","href":"https:\/\/api.w.org\/{rel}","templated":true}]}}