{"id":21395,"date":"2025-01-23T17:38:50","date_gmt":"2025-01-23T17:38:50","guid":{"rendered":"http:\/\/staging.ibermusicas.org\/?p=21395"},"modified":"2025-01-23T17:38:50","modified_gmt":"2025-01-23T17:38:50","slug":"o-musico-espanhol-kiran-rossello-delporte-inicia-seu-mestrado-em-performance-de-violino-na-hochschule-der-kunste-bern-na-suica","status":"publish","type":"post","link":"http:\/\/staging.ibermusicas.org\/index.php\/o-musico-espanhol-kiran-rossello-delporte-inicia-seu-mestrado-em-performance-de-violino-na-hochschule-der-kunste-bern-na-suica\/","title":{"rendered":"O m\u00fasico espanhol Kiran Rossell\u00f3 Delporte inicia seu Mestrado em Performance de Violino na Hochschule der K\u00fcnste Bern, na Su\u00ed\u00e7a"},"content":{"rendered":"<p>O projeto de Kiran Rossell\u00f3 Delporte tem como objetivo concluir o mestrado em Performance de Violino na Hochschule der K\u00fcnste Bern (HKB), na Su\u00ed\u00e7a, uma institui\u00e7\u00e3o reconhecida por sua excel\u00eancia na forma\u00e7\u00e3o de m\u00fasicos. Esse programa permitir\u00e1 que o artista aprimore suas habilidades interpretativas e t\u00e9cnicas, explore uma ampla gama de repert\u00f3rios cl\u00e1ssicos e contempor\u00e2neos e aprofunde seu desenvolvimento art\u00edstico sob a orienta\u00e7\u00e3o de professores excepcionais.<\/p>\n<p>O programa de mestrado inclui aulas individuais, semin\u00e1rios especializados e masterclasses ministrados por artistas internacionais, bem como atividades de pesquisa voltadas para a inova\u00e7\u00e3o na performance musical. Sob a tutela do renomado violinista Jonian Ilias Kadesha, Kiran ter\u00e1 a oportunidade de receber um treinamento abrangente de alto desempenho que combina excel\u00eancia t\u00e9cnica com explora\u00e7\u00e3o criativa.<\/p>\n<p>Kiran Rossell\u00f3 tem uma s\u00f3lida forma\u00e7\u00e3o em diferentes disciplinas musicais. Ele combina sua atividade orquestral com apresenta\u00e7\u00f5es solo, bem como m\u00fasica de c\u00e2mara em festivais e salas de concerto no cen\u00e1rio nacional e internacional. Estudou violino no Real Conservat\u00f3rio Superior de M\u00fasica de Madri com Ana Mar\u00eda Valderrama. Esses estudos foram conclu\u00eddos com um curso de p\u00f3s-gradua\u00e7\u00e3o com Igor Malinovsky na Hochschule f\u00fcr Musik Carl Maria von Weber Dresden. Recebeu uma bolsa de estudos para participar do Classical Music Institute nos Estados Unidos, realizando concertos de m\u00fasica de c\u00e2mara como convidado especial com membros da \u201cThe Chamber Music Society of Lincoln Center\u201d. Ele tamb\u00e9m foi aceito com a bolsa art\u00edstica \u201cNew Horizons\u201d como aluno do Aspen Music Festival, com o maestro Masao Kawasaki da Juilliard School em Nova York. Participou de outros festivais importantes, como o \u201cSanta Catalina Classics 2024\u201d e sua sele\u00e7\u00e3o para fazer parte do \u201cXXII Encuentro de M\u00fasica y Academia de Santander 2023\u201d. Como solista, destaca-se sua participa\u00e7\u00e3o com a Orquestra Filarm\u00f4nica de M\u00e1laga na s\u00e9rie de concertos \u201cFrente al Mar\u201d. Algumas de suas recentes apresenta\u00e7\u00f5es solo tamb\u00e9m foram com a Orquestra Cl\u00e1ssica Mariana Mart\u00ednez em Madri e com a Dresdner Residenz Orchestra no Dresdner Zwinger Hall, Alemanha. Al\u00e9m de ter sido membro da Joven Orquesta Nacional de Espa\u00f1a, ele tamb\u00e9m colaborou como convidado em v\u00e1rios concertos e turn\u00eas nacionais com a Orquesta y Coro RTVE, bem como com a Orquesta de Cadaqu\u00e9s com o maestro Gianandrea Noseda.<\/p>\n<p>Al\u00e9m de sua paix\u00e3o pelo desempenho, Kiran tem um forte compromisso social. Sua vis\u00e3o inclui usar o conhecimento que adquiriu ao longo de sua carreira para contribuir com o desenvolvimento cultural de seu pa\u00eds, organizando atividades que promovam o acesso \u00e0 m\u00fasica cl\u00e1ssica e ao treinamento art\u00edstico em sua comunidade.<\/p>\n<p>Kiran Rossell\u00f3 Delporte venceu a convocat\u00f3ria 2024 do Programa Iberm\u00fasicas em sua linha de apoio \u00e0 especializa\u00e7\u00e3o e ao aperfei\u00e7oamento art\u00edstico e t\u00e9cnico.<\/p>\n<p>&nbsp;<\/p>\n<ul>\n<li>De 17 de fevereiro a 17 de julho<\/li>\n<\/ul>\n","protected":false},"excerpt":{"rendered":"<p>O projeto de Kiran Rossell\u00f3 Delporte tem como objetivo concluir o mestrado em Performance de Violino na Hochschule der K\u00fcnste Bern (HKB), na Su\u00ed\u00e7a, uma institui\u00e7\u00e3o reconhecida por sua excel\u00eancia na forma\u00e7\u00e3o de m\u00fasicos. Esse programa permitir\u00e1 que o artista aprimore suas habilidades interpretativas e t\u00e9cnicas, explore uma ampla gama de repert\u00f3rios cl\u00e1ssicos e contempor\u00e2neos [&hellip;]<\/p>\n","protected":false},"author":7,"featured_media":21393,"comment_status":"closed","ping_status":"closed","sticky":false,"template":"","format":"standard","meta":{"footnotes":""},"categories":[218],"tags":[],"class_list":["post-21395","post","type-post","status-publish","format-standard","has-post-thumbnail","hentry","category-noticias-generales-pt"],"lang":"pt","translations":{"pt":21395,"es":21392},"pll_sync_post":[],"post_mailing_queue_ids":[],"_links":{"self":[{"href":"http:\/\/staging.ibermusicas.org\/index.php\/wp-json\/wp\/v2\/posts\/21395","targetHints":{"allow":["GET"]}}],"collection":[{"href":"http:\/\/staging.ibermusicas.org\/index.php\/wp-json\/wp\/v2\/posts"}],"about":[{"href":"http:\/\/staging.ibermusicas.org\/index.php\/wp-json\/wp\/v2\/types\/post"}],"author":[{"embeddable":true,"href":"http:\/\/staging.ibermusicas.org\/index.php\/wp-json\/wp\/v2\/users\/7"}],"replies":[{"embeddable":true,"href":"http:\/\/staging.ibermusicas.org\/index.php\/wp-json\/wp\/v2\/comments?post=21395"}],"version-history":[{"count":1,"href":"http:\/\/staging.ibermusicas.org\/index.php\/wp-json\/wp\/v2\/posts\/21395\/revisions"}],"predecessor-version":[{"id":21396,"href":"http:\/\/staging.ibermusicas.org\/index.php\/wp-json\/wp\/v2\/posts\/21395\/revisions\/21396"}],"wp:featuredmedia":[{"embeddable":true,"href":"http:\/\/staging.ibermusicas.org\/index.php\/wp-json\/wp\/v2\/media\/21393"}],"wp:attachment":[{"href":"http:\/\/staging.ibermusicas.org\/index.php\/wp-json\/wp\/v2\/media?parent=21395"}],"wp:term":[{"taxonomy":"category","embeddable":true,"href":"http:\/\/staging.ibermusicas.org\/index.php\/wp-json\/wp\/v2\/categories?post=21395"},{"taxonomy":"post_tag","embeddable":true,"href":"http:\/\/staging.ibermusicas.org\/index.php\/wp-json\/wp\/v2\/tags?post=21395"}],"curies":[{"name":"wp","href":"https:\/\/api.w.org\/{rel}","templated":true}]}}