{"id":21402,"date":"2025-01-23T17:45:11","date_gmt":"2025-01-23T17:45:11","guid":{"rendered":"http:\/\/staging.ibermusicas.org\/?p=21402"},"modified":"2025-02-27T16:27:14","modified_gmt":"2025-02-27T16:27:14","slug":"el-cantautor-cubano-amaury-muro-realizara-una-gira-por-mexico","status":"publish","type":"post","link":"http:\/\/staging.ibermusicas.org\/index.php\/el-cantautor-cubano-amaury-muro-realizara-una-gira-por-mexico\/","title":{"rendered":"El cantautor cubano Amaury Muro realizar\u00e1 una gira por M\u00e9xico"},"content":{"rendered":"<p>Amaury Muro es un cantautor, compositor y m\u00fasico cubano radicado en Madrid. En Cuba fue fundador del Movimiento de Trovadores Ca\u00f1a Santa y particip\u00f3 en importantes festivales culturales y de la Nueva Trova como el Festival Longina, el Festival Trov\u00e1ndote y Las Romer\u00edas de Mayo. Radica en Espa\u00f1a desde el a\u00f1o 2014 insert\u00e1ndose en el panorama de la canci\u00f3n de autor, realizando conciertos a lo largo de la pen\u00ednsula y en salas de Berl\u00edn y Lyon.<\/p>\n<p>&nbsp;<\/p>\n<p>Result\u00f3 ganador en el a\u00f1o 2018 del festival Festimad que organiza la comunidad de Madrid. En el 2019 fue premio del jurado del concurso de cantautores \u201cSabina por aqu\u00ed\u201d. En 2020 result\u00f3 ganador del premio Iberm\u00fasicas a la creaci\u00f3n de canciones. En 2021 fue semifinalista de los Premios Min de la m\u00fasica independiente en la categor\u00eda Mejor Artista Emergente.<\/p>\n<p>&nbsp;<\/p>\n<p>Acompa\u00f1a sus creaciones con la guitarra y su repertorio abarca g\u00e9neros tradicionales cubanos como el son, el bolero o el chachacha y otros m\u00e1s contempor\u00e1neos pr\u00f3ximos al pop, el rock y el reggae.<\/p>\n<p>&nbsp;<\/p>\n<p>Ciudad de M\u00e9xico ser\u00e1 el lugar de inicio de esta gira; La Sala Ohal\u00e1, lugar de referencia cultural de la comunidad de Coyoac\u00e1n, albergar\u00e1 la primera presentaci\u00f3n del cantautor y una charla sobre el proceso de su maquetaci\u00f3n de canciones previo a su grabaci\u00f3n en estudio. La gira continuar\u00e1 con conciertos y talleres gratuitos sobre composici\u00f3n de canciones<\/p>\n<p>en Puebla (19\/40 Caf\u00e9), Chilpancingo de los Bravo (Foro Esc\u00e9nico de la Mancha), Guadalajara (Tertulia Caf\u00e9 y Vino) para terminar nuevamente en Ciudad de M\u00e9xico con un concierto de despedida en el centro de cantautores el Breve Espacio. La gira tendr\u00e1 una parada especial en el Centro Cultural Ollin Yoliztli. Fue una petici\u00f3n del centro contar con Amaury Muro para realizar charlas-talleres gratuitos sobre cancion\u00edstica cubana contempor\u00e1nea y sobre composici\u00f3n de canciones; tambi\u00e9n brindar\u00e1 un concierto en la prestigiosa Sala Andrea Palma de dicho centro.<\/p>\n<p>&nbsp;<\/p>\n<p>Esta gira de Amaury Muro se hace posible gracias al apoyo del Programa Iberm\u00fasicas mediante sus \u201cAyudas al sector musical para la circulaci\u00f3n\u201d, convocatoria 2024.<\/p>\n<p>&nbsp;<\/p>\n<ul>\n<li>27 de febrero \u2013 Taller pr\u00e1ctico \u00abTu canci\u00f3n al estudio de grabaci\u00f3n\u00bb y concierto en la Sala Ohal\u00e1. Ciudad de M\u00e9xico<\/li>\n<li>28 de febrero. Taller pr\u00e1ctico \u00abFactor\u00eda de canciones\u00bb, y concierto en el \u201c19\/40 Caf\u00e9\u201d de Puebla<\/li>\n<li>\u00a0\u00a01 de marzo. Taller pr\u00e1ctico \u00abFactor\u00eda de canciones\u00bb, y concierto en el \u201cForo Esc\u00e9nico de la Mancha\u201d. Chilpancingo<\/li>\n<li>4 de marzo. Taller \u00abCanci\u00f3n cubana contempor\u00e1nea\u00bb, \u00abTaller factor\u00eda de canciones\u00bb y concierto en el Centro Cultural Ollin Yoliztli. Ciudad de M\u00e9xico<\/li>\n<li>7 de marzo. Taller pr\u00e1ctico \u00abFactor\u00eda de canciones\u00bb, y concierto en el \u201cTertulia Caf\u00e9 y Vino\u201d. Guadalajara<\/li>\n<li>8 de marzo. Concierto de despedida en el Breve Espacio. Ciudad de M\u00e9xico<\/li>\n<\/ul>\n","protected":false},"excerpt":{"rendered":"<p>Amaury Muro es un cantautor, compositor y m\u00fasico cubano radicado en Madrid. En Cuba fue fundador del Movimiento de Trovadores Ca\u00f1a Santa y particip\u00f3 en importantes festivales culturales y de la Nueva Trova como el Festival Longina, el Festival Trov\u00e1ndote y Las Romer\u00edas de Mayo. Radica en Espa\u00f1a desde el a\u00f1o 2014 insert\u00e1ndose en el [&hellip;]<\/p>\n","protected":false},"author":7,"featured_media":21450,"comment_status":"closed","ping_status":"closed","sticky":false,"template":"","format":"standard","meta":{"footnotes":""},"categories":[53],"tags":[],"class_list":["post-21402","post","type-post","status-publish","format-standard","has-post-thumbnail","hentry","category-noticias-generales"],"lang":"es","translations":{"es":21402,"pt":21405},"pll_sync_post":[],"post_mailing_queue_ids":[],"_links":{"self":[{"href":"http:\/\/staging.ibermusicas.org\/index.php\/wp-json\/wp\/v2\/posts\/21402","targetHints":{"allow":["GET"]}}],"collection":[{"href":"http:\/\/staging.ibermusicas.org\/index.php\/wp-json\/wp\/v2\/posts"}],"about":[{"href":"http:\/\/staging.ibermusicas.org\/index.php\/wp-json\/wp\/v2\/types\/post"}],"author":[{"embeddable":true,"href":"http:\/\/staging.ibermusicas.org\/index.php\/wp-json\/wp\/v2\/users\/7"}],"replies":[{"embeddable":true,"href":"http:\/\/staging.ibermusicas.org\/index.php\/wp-json\/wp\/v2\/comments?post=21402"}],"version-history":[{"count":1,"href":"http:\/\/staging.ibermusicas.org\/index.php\/wp-json\/wp\/v2\/posts\/21402\/revisions"}],"predecessor-version":[{"id":21404,"href":"http:\/\/staging.ibermusicas.org\/index.php\/wp-json\/wp\/v2\/posts\/21402\/revisions\/21404"}],"wp:featuredmedia":[{"embeddable":true,"href":"http:\/\/staging.ibermusicas.org\/index.php\/wp-json\/wp\/v2\/media\/21450"}],"wp:attachment":[{"href":"http:\/\/staging.ibermusicas.org\/index.php\/wp-json\/wp\/v2\/media?parent=21402"}],"wp:term":[{"taxonomy":"category","embeddable":true,"href":"http:\/\/staging.ibermusicas.org\/index.php\/wp-json\/wp\/v2\/categories?post=21402"},{"taxonomy":"post_tag","embeddable":true,"href":"http:\/\/staging.ibermusicas.org\/index.php\/wp-json\/wp\/v2\/tags?post=21402"}],"curies":[{"name":"wp","href":"https:\/\/api.w.org\/{rel}","templated":true}]}}