{"id":21405,"date":"2025-01-23T17:46:30","date_gmt":"2025-01-23T17:46:30","guid":{"rendered":"http:\/\/staging.ibermusicas.org\/?p=21405"},"modified":"2025-02-27T16:39:08","modified_gmt":"2025-02-27T16:39:08","slug":"o-cantor-e-compositor-cubano-amaury-muro-fara-uma-turne-pelo-mexico","status":"publish","type":"post","link":"http:\/\/staging.ibermusicas.org\/index.php\/o-cantor-e-compositor-cubano-amaury-muro-fara-uma-turne-pelo-mexico\/","title":{"rendered":"O cantor e compositor cubano Amaury Muro far\u00e1 uma turn\u00ea pelo M\u00e9xico"},"content":{"rendered":"<p>Amaury Muro \u00e9 um cantor, compositor e m\u00fasico cubano radicado em Madri. Em Cuba, ele fundou o Movimiento de Trovadores Ca\u00f1a Santa e participou de importantes festivais culturais e de Nueva Trova, como o Festival Longina, o Festival Trov\u00e1ndote e Las Romer\u00edas de Mayo. Ele vive na Espanha desde 2014 e se tornou parte da cena de cantores e compositores, realizando shows em toda a pen\u00ednsula e em locais em Berlim e Lyon.<\/p>\n<p>Em 2018, foi o vencedor do festival Festimad, organizado pela comunidade de Madri. Em 2019, ganhou o pr\u00eamio do j\u00fari no concurso de cantores e compositores \u201cSabina por aqu\u00ed\u201d. Em 2020, ganhou o pr\u00eamio Iberm\u00fasicas de cria\u00e7\u00e3o de can\u00e7\u00f5es. Em 2021, foi semifinalista do Min Independent Music Awards na categoria Melhor Artista Emergente.<\/p>\n<p>Ele acompanha suas cria\u00e7\u00f5es no viol\u00e3o e seu repert\u00f3rio abrange g\u00eaneros tradicionais cubanos, como son, bolero e chachacha, bem como outros g\u00eaneros mais contempor\u00e2neos, como pop, rock e reggae.<\/p>\n<p>A Cidade do M\u00e9xico ser\u00e1 o ponto de partida desta digress\u00e3o; a Sala Ohal\u00e1, um ponto de refer\u00eancia cultural na comunidade de Coyoac\u00e1n, acolher\u00e1 a primeira atua\u00e7\u00e3o do cantor e compositor e uma conversa sobre o seu processo de composi\u00e7\u00e3o antes da grava\u00e7\u00e3o em est\u00fadio. A digress\u00e3o continuar\u00e1 com concertos e workshops gratuitos de escrita de can\u00e7\u00f5es em Puebla (19\/40 Caf\u00e9), Chilpancingo de los Bravo (Foro Esc\u00e9nico de la Mancha), Guadalajara (Tertulia Caf\u00e9 y Vino) e terminar\u00e1 novamente na Cidade do M\u00e9xico com um concerto de despedida no centro de cantautores el Breve Espacio. A digress\u00e3o ter\u00e1 uma paragem especial no Centro Cultural Ollin Yoliztli. Amaury Muro foi convidado pelo centro para dar palestras-workshops gratuitas sobre o cancioneiro cubano contempor\u00e2neo e a escrita de can\u00e7\u00f5es; tamb\u00e9m dar\u00e1 um concerto na prestigiada Sala Andrea Palma do centro.<\/p>\n<p>&nbsp;<\/p>\n<p>Essa turn\u00ea de Amaury Muro \u00e9 poss\u00edvel gra\u00e7as ao apoio do Programa Iberm\u00fasicas por meio de suas \u201cApoio \u00e0 circula\u00e7\u00e3o de profissionais da m\u00fasica\u201d, chamada 2024.<\/p>\n<p>&nbsp;<\/p>\n<ul>\n<li>&#8211; 27 de fevereiro &#8211; Workshop pr\u00e1tico \u201cA tua can\u00e7\u00e3o para o est\u00fadio de grava\u00e7\u00e3o\u201d e concerto na Sala Ohal\u00e1. Cidade do M\u00e9xico<\/li>\n<li>&#8211; 28 de fevereiro. Workshop pr\u00e1tico \u201cFactor\u00eda de canciones\u201d, e concerto no \u201cCaf\u00e9 19\/40\u201d em Puebla.<\/li>\n<li>&#8211; 1 de mar\u00e7o. Workshop pr\u00e1tico \u201cFactor\u00eda de canciones\u201d, e concerto no \u201cForo Esc\u00e9nico de la Mancha\u201d. Chilpancingo<\/li>\n<li>&#8211; 4 de mar\u00e7o. Workshop \u201cCan\u00e7\u00e3o Cubana Contempor\u00e2nea\u201d, \u201cWorkshop F\u00e1brica de Can\u00e7\u00f5es\u201d e concerto no Centro Cultural Ollin Yoliztli. Cidade do M\u00e9xico<\/li>\n<li>&#8211; 7 de mar\u00e7o. Workshop pr\u00e1tico \u201cFactor\u00eda de canciones\u201d, e concerto na \u201cTertulia Caf\u00e9 y Vino\u201d. Guadalajara<\/li>\n<li>&#8211; 8 de mar\u00e7o. Concerto de despedida no Breve Espacio. Cidade do M\u00e9xico<\/li>\n<\/ul>\n","protected":false},"excerpt":{"rendered":"<p>Amaury Muro \u00e9 um cantor, compositor e m\u00fasico cubano radicado em Madri. Em Cuba, ele fundou o Movimiento de Trovadores Ca\u00f1a Santa e participou de importantes festivais culturais e de Nueva Trova, como o Festival Longina, o Festival Trov\u00e1ndote e Las Romer\u00edas de Mayo. Ele vive na Espanha desde 2014 e se tornou parte da [&hellip;]<\/p>\n","protected":false},"author":7,"featured_media":21403,"comment_status":"closed","ping_status":"closed","sticky":false,"template":"","format":"standard","meta":{"footnotes":""},"categories":[218],"tags":[],"class_list":["post-21405","post","type-post","status-publish","format-standard","has-post-thumbnail","hentry","category-noticias-generales-pt"],"lang":"pt","translations":{"pt":21405,"es":21402},"pll_sync_post":[],"post_mailing_queue_ids":[],"_links":{"self":[{"href":"http:\/\/staging.ibermusicas.org\/index.php\/wp-json\/wp\/v2\/posts\/21405","targetHints":{"allow":["GET"]}}],"collection":[{"href":"http:\/\/staging.ibermusicas.org\/index.php\/wp-json\/wp\/v2\/posts"}],"about":[{"href":"http:\/\/staging.ibermusicas.org\/index.php\/wp-json\/wp\/v2\/types\/post"}],"author":[{"embeddable":true,"href":"http:\/\/staging.ibermusicas.org\/index.php\/wp-json\/wp\/v2\/users\/7"}],"replies":[{"embeddable":true,"href":"http:\/\/staging.ibermusicas.org\/index.php\/wp-json\/wp\/v2\/comments?post=21405"}],"version-history":[{"count":1,"href":"http:\/\/staging.ibermusicas.org\/index.php\/wp-json\/wp\/v2\/posts\/21405\/revisions"}],"predecessor-version":[{"id":21406,"href":"http:\/\/staging.ibermusicas.org\/index.php\/wp-json\/wp\/v2\/posts\/21405\/revisions\/21406"}],"wp:featuredmedia":[{"embeddable":true,"href":"http:\/\/staging.ibermusicas.org\/index.php\/wp-json\/wp\/v2\/media\/21403"}],"wp:attachment":[{"href":"http:\/\/staging.ibermusicas.org\/index.php\/wp-json\/wp\/v2\/media?parent=21405"}],"wp:term":[{"taxonomy":"category","embeddable":true,"href":"http:\/\/staging.ibermusicas.org\/index.php\/wp-json\/wp\/v2\/categories?post=21405"},{"taxonomy":"post_tag","embeddable":true,"href":"http:\/\/staging.ibermusicas.org\/index.php\/wp-json\/wp\/v2\/tags?post=21405"}],"curies":[{"name":"wp","href":"https:\/\/api.w.org\/{rel}","templated":true}]}}