{"id":21407,"date":"2025-01-23T17:48:32","date_gmt":"2025-01-23T17:48:32","guid":{"rendered":"http:\/\/staging.ibermusicas.org\/?p=21407"},"modified":"2025-02-27T16:27:06","modified_gmt":"2025-02-27T16:27:06","slug":"llega-a-chile-la-quinta-edicion-de-experimento-jazz-el-campamento-de-verano-y-festival-de-que-contara-con-la-presencia-de-importantes-musicos-de-brasil","status":"publish","type":"post","link":"http:\/\/staging.ibermusicas.org\/index.php\/llega-a-chile-la-quinta-edicion-de-experimento-jazz-el-campamento-de-verano-y-festival-de-que-contara-con-la-presencia-de-importantes-musicos-de-brasil\/","title":{"rendered":"Llega a Chile la quinta edici\u00f3n de Experimento Jazz, el campamento de verano y festival de que contar\u00e1 con la presencia de importantes m\u00fasicos de Brasil"},"content":{"rendered":"<p>En\u00a0 febrero se desarrollar\u00e1 la quinta versi\u00f3n del Experimento Jazz Summer Camp 2025, evento que desde 2019 entrega un espacio para que personas de todas las edades puedan aprender y compartir durante cuatro d\u00edas con artistas destacados de la escena chilena y latinoamericana, en un verdadero campamento musical.<\/p>\n<p>&nbsp;<\/p>\n<p>La nueva versi\u00f3n del evento dirigido por Samuel Huerta \u00c1lvarez, contar\u00e1 con la participaci\u00f3n de cuatro destacados m\u00fasicos de Brasil: Rael Silva (bater\u00eda), Adriano Martins (bajo), Danilo Andrade, destacado pianista y compositor que conquist\u00f3 el primer lugar en el 13\u00b0 premio internacional fidelio, en Madrid en la categor\u00eda composici\u00f3n para piano jazz con su obra \u201cXaxados e Perdidos\u201d y Raisa Anast\u00e1sia, virtuosa flautista multi-instrumentista, dominando tambi\u00e9n la guitarra, mandolina, y la arm\u00f3nica.<\/p>\n<p>&nbsp;<\/p>\n<p>El evento finalizar\u00e1 con el 1\u00b0 Festival de Jazz, a celebrarse en la Casa de la Cultura de Talagante, donde tambi\u00e9n participar\u00e1n los alumnos, para aplicar los conocimientos adquiridos y sumar experiencia en los escenarios.<\/p>\n<p>&nbsp;<\/p>\n<p>En esta versi\u00f3n los acad\u00e9micos son de renombre internacional y de alt\u00edsimo nivel. Ser\u00e1 una experiencia de intercambio cultural entre los m\u00fasicos de Chile y Brasil, finalizando con un gran festival. Los espectadores vivir\u00e1n una experiencia musical llena de colores, acompa\u00f1ando la velada de la mejor cerveza, foodtrucks y artesan\u00eda local.<\/p>\n<p>&nbsp;<\/p>\n<p>Este proyecto ha sido beneficiarios de las ayudas del Programa Iberm\u00fasicas en la l\u00ednea de \u201cAyuda a la programaci\u00f3n musical\u201d, convocatoria 2024.<\/p>\n<p>&nbsp;<\/p>\n<ul>\n<li>25, 26, 27 y 28 de febrero: Campamento de Jazz<\/li>\n<li>1ero de marzo: Festival de Jazz<\/li>\n<\/ul>\n","protected":false},"excerpt":{"rendered":"<p>En\u00a0 febrero se desarrollar\u00e1 la quinta versi\u00f3n del Experimento Jazz Summer Camp 2025, evento que desde 2019 entrega un espacio para que personas de todas las edades puedan aprender y compartir durante cuatro d\u00edas con artistas destacados de la escena chilena y latinoamericana, en un verdadero campamento musical. &nbsp; La nueva versi\u00f3n del evento dirigido [&hellip;]<\/p>\n","protected":false},"author":7,"featured_media":21449,"comment_status":"closed","ping_status":"closed","sticky":false,"template":"","format":"standard","meta":{"footnotes":""},"categories":[53],"tags":[],"class_list":["post-21407","post","type-post","status-publish","format-standard","has-post-thumbnail","hentry","category-noticias-generales"],"lang":"es","translations":{"es":21407,"pt":21410},"pll_sync_post":[],"post_mailing_queue_ids":[],"_links":{"self":[{"href":"http:\/\/staging.ibermusicas.org\/index.php\/wp-json\/wp\/v2\/posts\/21407","targetHints":{"allow":["GET"]}}],"collection":[{"href":"http:\/\/staging.ibermusicas.org\/index.php\/wp-json\/wp\/v2\/posts"}],"about":[{"href":"http:\/\/staging.ibermusicas.org\/index.php\/wp-json\/wp\/v2\/types\/post"}],"author":[{"embeddable":true,"href":"http:\/\/staging.ibermusicas.org\/index.php\/wp-json\/wp\/v2\/users\/7"}],"replies":[{"embeddable":true,"href":"http:\/\/staging.ibermusicas.org\/index.php\/wp-json\/wp\/v2\/comments?post=21407"}],"version-history":[{"count":1,"href":"http:\/\/staging.ibermusicas.org\/index.php\/wp-json\/wp\/v2\/posts\/21407\/revisions"}],"predecessor-version":[{"id":21409,"href":"http:\/\/staging.ibermusicas.org\/index.php\/wp-json\/wp\/v2\/posts\/21407\/revisions\/21409"}],"wp:featuredmedia":[{"embeddable":true,"href":"http:\/\/staging.ibermusicas.org\/index.php\/wp-json\/wp\/v2\/media\/21449"}],"wp:attachment":[{"href":"http:\/\/staging.ibermusicas.org\/index.php\/wp-json\/wp\/v2\/media?parent=21407"}],"wp:term":[{"taxonomy":"category","embeddable":true,"href":"http:\/\/staging.ibermusicas.org\/index.php\/wp-json\/wp\/v2\/categories?post=21407"},{"taxonomy":"post_tag","embeddable":true,"href":"http:\/\/staging.ibermusicas.org\/index.php\/wp-json\/wp\/v2\/tags?post=21407"}],"curies":[{"name":"wp","href":"https:\/\/api.w.org\/{rel}","templated":true}]}}