{"id":21410,"date":"2025-01-23T17:49:44","date_gmt":"2025-01-23T17:49:44","guid":{"rendered":"http:\/\/staging.ibermusicas.org\/?p=21410"},"modified":"2025-02-27T16:39:00","modified_gmt":"2025-02-27T16:39:00","slug":"chega-ao-chile-a-quinta-edicao-do-experimento-jazz-o-acampamento-de-verao-e-festival-que-contara-com-importantes-musicos-do-brasil","status":"publish","type":"post","link":"http:\/\/staging.ibermusicas.org\/index.php\/chega-ao-chile-a-quinta-edicao-do-experimento-jazz-o-acampamento-de-verao-e-festival-que-contara-com-importantes-musicos-do-brasil\/","title":{"rendered":"Chega ao Chile a quinta edi\u00e7\u00e3o do Experimento Jazz, o acampamento de ver\u00e3o e festival que contar\u00e1 com importantes m\u00fasicos do Brasil"},"content":{"rendered":"<p>Em fevereiro ser\u00e1 realizada a quinta vers\u00e3o do Experimento Jazz Summer Camp 2025, evento que desde 2019 oferece um espa\u00e7o para pessoas de todas as idades aprenderem e compartilharem durante quatro dias com os principais artistas da cena chilena e latino-americana, em um verdadeiro acampamento musical.<\/p>\n<p>&nbsp;<\/p>\n<p>A nova vers\u00e3o do evento, dirigida por Samuel Huerta \u00c1lvarez, contar\u00e1 com a participa\u00e7\u00e3o de quatro destacados m\u00fasicos do Brasil: Rael Silva (bateria), Adriano Martins (baixo), Danilo Andrade, destacado pianista e compositor que ganhou o primeiro lugar no 13\u00ba Pr\u00eamio Internacional Fidelio de Madri na categoria de composi\u00e7\u00e3o para piano jazz com sua obra \u00abXaxados e Perdidos\u00bb e Raisa Anast\u00e1sia, virtuosa flautista multi-instrumentista, dominando tamb\u00e9m o viol\u00e3o, o bandolim e a harm\u00f4nica.<\/p>\n<p>&nbsp;<\/p>\n<p>O evento ser\u00e1 encerrado com o 1\u00ba Festival de Jazz, a ser realizado na Casa da Cultura de Talagante, onde os alunos tamb\u00e9m participar\u00e3o, para aplicar os conhecimentos adquiridos e ganhar experi\u00eancia no palco.<\/p>\n<p>&nbsp;<\/p>\n<p>Nesta vers\u00e3o, os acad\u00eamicos s\u00e3o de renome internacional e do mais alto n\u00edvel. Ser\u00e1 uma experi\u00eancia de interc\u00e2mbio cultural entre m\u00fasicos do Chile e do Brasil, finalizando com um grande festival. Os espectadores viver\u00e3o uma experi\u00eancia musical colorida, acompanhada da melhor cerveja, foodtrucks e artesanato local.<\/p>\n<p>&nbsp;<\/p>\n<p>Esse projeto recebeu subs\u00eddios do Programa Iberm\u00fasicas na linha de \u00abApoio \u00e0 programa\u00e7\u00e3o musical\u00bb, chamada de propostas 2024.<\/p>\n<p>&nbsp;<\/p>\n<ul>\n<li>25, 26, 27 e 28 de fevereiro: Jazz Camp<\/li>\n<li>1\u00ba de mar\u00e7o: Festival de Jazz<\/li>\n<\/ul>\n","protected":false},"excerpt":{"rendered":"<p>Em fevereiro ser\u00e1 realizada a quinta vers\u00e3o do Experimento Jazz Summer Camp 2025, evento que desde 2019 oferece um espa\u00e7o para pessoas de todas as idades aprenderem e compartilharem durante quatro dias com os principais artistas da cena chilena e latino-americana, em um verdadeiro acampamento musical. &nbsp; A nova vers\u00e3o do evento, dirigida por Samuel [&hellip;]<\/p>\n","protected":false},"author":7,"featured_media":21408,"comment_status":"closed","ping_status":"closed","sticky":false,"template":"","format":"standard","meta":{"footnotes":""},"categories":[218],"tags":[],"class_list":["post-21410","post","type-post","status-publish","format-standard","has-post-thumbnail","hentry","category-noticias-generales-pt"],"lang":"pt","translations":{"pt":21410,"es":21407},"pll_sync_post":[],"post_mailing_queue_ids":[],"_links":{"self":[{"href":"http:\/\/staging.ibermusicas.org\/index.php\/wp-json\/wp\/v2\/posts\/21410","targetHints":{"allow":["GET"]}}],"collection":[{"href":"http:\/\/staging.ibermusicas.org\/index.php\/wp-json\/wp\/v2\/posts"}],"about":[{"href":"http:\/\/staging.ibermusicas.org\/index.php\/wp-json\/wp\/v2\/types\/post"}],"author":[{"embeddable":true,"href":"http:\/\/staging.ibermusicas.org\/index.php\/wp-json\/wp\/v2\/users\/7"}],"replies":[{"embeddable":true,"href":"http:\/\/staging.ibermusicas.org\/index.php\/wp-json\/wp\/v2\/comments?post=21410"}],"version-history":[{"count":1,"href":"http:\/\/staging.ibermusicas.org\/index.php\/wp-json\/wp\/v2\/posts\/21410\/revisions"}],"predecessor-version":[{"id":21411,"href":"http:\/\/staging.ibermusicas.org\/index.php\/wp-json\/wp\/v2\/posts\/21410\/revisions\/21411"}],"wp:featuredmedia":[{"embeddable":true,"href":"http:\/\/staging.ibermusicas.org\/index.php\/wp-json\/wp\/v2\/media\/21408"}],"wp:attachment":[{"href":"http:\/\/staging.ibermusicas.org\/index.php\/wp-json\/wp\/v2\/media?parent=21410"}],"wp:term":[{"taxonomy":"category","embeddable":true,"href":"http:\/\/staging.ibermusicas.org\/index.php\/wp-json\/wp\/v2\/categories?post=21410"},{"taxonomy":"post_tag","embeddable":true,"href":"http:\/\/staging.ibermusicas.org\/index.php\/wp-json\/wp\/v2\/tags?post=21410"}],"curies":[{"name":"wp","href":"https:\/\/api.w.org\/{rel}","templated":true}]}}