{"id":21412,"date":"2025-01-23T17:50:51","date_gmt":"2025-01-23T17:50:51","guid":{"rendered":"http:\/\/staging.ibermusicas.org\/?p=21412"},"modified":"2025-02-27T16:26:58","modified_gmt":"2025-02-27T16:26:58","slug":"la-artista-elisabetta-marcora-comienza-su-programa-de-formacion-en-musica-andalusi-con-maitre-amin-chaachoo-en-tetuan-marruecos","status":"publish","type":"post","link":"http:\/\/staging.ibermusicas.org\/index.php\/la-artista-elisabetta-marcora-comienza-su-programa-de-formacion-en-musica-andalusi-con-maitre-amin-chaachoo-en-tetuan-marruecos\/","title":{"rendered":"La artista Elisabetta Marcora comienza su programa de formaci\u00f3n en m\u00fasica andalus\u00ed con Maitre Amin Chaachoo en Tetu\u00e1n, Marruecos"},"content":{"rendered":"<p>Elisabetta Marcora pasar\u00e1 un mes estudiando m\u00fasica andalus\u00ed en Tetu\u00e1n, Marruecos, en el Centro Tetu\u00e1n-Asmir de Investigaci\u00f3n Musicol\u00f3gica y Conservaci\u00f3n del Patrimonio Musical con Maitre Amin Chaachoo, que concluir\u00e1 con el \u00abEncuentro musical entre culturas\u00bb el 27 de febrero con la Orquesta de M\u00fasica Andalus\u00ed Al-Haiek,\u00a0 el Coro Al-Haiek y la participaci\u00f3n de la artista.<\/p>\n<p>La m\u00fasica andalus\u00ed es el fruto musical de la civilizaci\u00f3n de al-Andalus y se ha conservado hasta nuestros d\u00edas en los pa\u00edses del Magreb (Marruecos, Argelia y T\u00fanez) a trav\u00e9s de la transmisi\u00f3n oral. Su concepci\u00f3n modal es \u00fanica en el mundo, formando parte de una concepci\u00f3n tradicional que une el aspecto racional con la dimensi\u00f3n espiritual.<\/p>\n<p>La Orquesta Al-Haiek desarrolla su actividad musical desde 1985 a distintos niveles: conciertos, investigaci\u00f3n, conferencias, cursos de formaci\u00f3n y clases magistrales. De este modo, ha adquirido una gran notoriedad, combinando los conocimientos tradicionales (a trav\u00e9s del trabajo con los maestros) con el dominio de la ciencia musical. La Orquesta Al-Haiek est\u00e1 dirigida por Maitre Amin Chaachoo y cuenta con los principales instrumentos de la tradici\u00f3n andalus\u00ed: ouds, rabab, viol\u00edn, violas, violonchelo, contrabajo, tar, darbuka y voces.<\/p>\n<p>Aunque centra su inter\u00e9s en la m\u00fasica andalus\u00ed, la Orquesta Al-Haiek se caracteriza tambi\u00e9n por su experiencia y capacidad de \u00f3smosis musical con diferentes g\u00e9neros de m\u00fasicas del mundo.<\/p>\n<p>Adem\u00e1s, su pertenencia a la ciudad de Tetu\u00e1n, centro indiscutible del arte, la multicultura y el refinamiento andalus\u00edes, confiere a la Orquesta Al-Haiek una amplia perspectiva y una rica variedad art\u00edstica. Esta ventajosa versatilidad, combinada con la gran maestr\u00eda de los miembros de la orquesta, le ha permitido producir grandes obras musicales en compa\u00f1\u00eda de m\u00fasicos de diferentes tradiciones de Marruecos, Argelia, Espa\u00f1a, Francia e Italia, entre otros pa\u00edses.<\/p>\n<p>Amin Chaachoo es m\u00fasico y music\u00f3logo. Primer Premio de M\u00fasica Andalus\u00ed, Diplomado en M\u00fasica Andalus\u00ed y Viol\u00edn Andalus\u00ed y Premio de Honor de M\u00fasica Andalus\u00ed por el Conservatorio Superior de M\u00fasica de Tetu\u00e1n, Diploma de Especialista en Etnomusicolog\u00eda por la Academia Acena de M\u00e1laga, Licenciado en Lengua y Literatura Hisp\u00e1nicas por la Facultad de Letras y Ciencias Humanas de Tetu\u00e1n, con una tesis sobre \u00abLas jarchas\u00bb y M\u00e1ster en Literatura Francesa con una tesis sobre \u00abSemiolog\u00eda de la m\u00fasica andalus\u00ed\u00bb. Doctorado con una tesis sobre \u00abEst\u00e9tica, filosof\u00eda y metaf\u00edsica de la m\u00fasica de al-Andalus\u00bb. Primer Premio Internacional de Estudios Andalus\u00edes y Moriscos Villa de Frigiliana 2011 (M\u00e1laga), Medalla de Oro del C\u00edrculo Intercultural Hispano-\u00c1rabe de Madrid, 2019. Director fundador del Centro de Investigaciones Musicol\u00f3gicas Tetu\u00e1n-Asmir y fundador de la Orquesta de M\u00fasica Andalus\u00ed de M\u00e1laga. Primer viol\u00edn de la Orquesta Andalus\u00ed de Tetu\u00e1n. Autor de varias obras sobre m\u00fasica andalus\u00ed en \u00e1rabe, espa\u00f1ol y franc\u00e9s.<\/p>\n<p>Elisabetta Marcora comenz\u00f3 su carrera musical con el piano a la edad de 8 a\u00f1os en su Italia natal, y luego estudi\u00f3 piano en el Conservatorio de M\u00fasica Luigi Cherubini de Florencia hasta 2005. En 2017 comenz\u00f3 a tomar clases de canto y a asistir a talleres y clases magistrales de canto tradicional del mundo en Grecia, Portugal e Italia. Fue fundadora de Malotira, el tr\u00edo Medraki y el proyecto Asteria Ensemble. Es cantante del grupo Ramblers Parade y del Ensemble Libecciu, todos ellos con sede en Portugal. Ha colaborado con otros artistas en el espect\u00e1culo de Pedro Salvador \u00abMeet me at the Carrousel\u00bb para el Festival Todos de Lisboa, y en la co creaci\u00f3n de la canci\u00f3n \u00abPragmatika\u00bb con el artista Francesco Pintaudi \u00abFoggy\u00bb.<\/p>\n<p>Las pr\u00e1cticas formativas de Elisabetta Marcora en Tetu\u00e1n cuentan con el apoyo del Programa Iberm\u00fasicas en la l\u00ednea de \u00abAyuda a la especializaci\u00f3n y el perfeccionamiento art\u00edstico y t\u00e9cnico\u00bb, convocatoria 2024.<\/p>\n","protected":false},"excerpt":{"rendered":"<p>Elisabetta Marcora pasar\u00e1 un mes estudiando m\u00fasica andalus\u00ed en Tetu\u00e1n, Marruecos, en el Centro Tetu\u00e1n-Asmir de Investigaci\u00f3n Musicol\u00f3gica y Conservaci\u00f3n del Patrimonio Musical con Maitre Amin Chaachoo, que concluir\u00e1 con el \u00abEncuentro musical entre culturas\u00bb el 27 de febrero con la Orquesta de M\u00fasica Andalus\u00ed Al-Haiek,\u00a0 el Coro Al-Haiek y la participaci\u00f3n de la artista. [&hellip;]<\/p>\n","protected":false},"author":7,"featured_media":21448,"comment_status":"closed","ping_status":"closed","sticky":false,"template":"","format":"standard","meta":{"footnotes":""},"categories":[53],"tags":[],"class_list":["post-21412","post","type-post","status-publish","format-standard","has-post-thumbnail","hentry","category-noticias-generales"],"lang":"es","translations":{"es":21412,"pt":21415},"pll_sync_post":[],"post_mailing_queue_ids":[],"_links":{"self":[{"href":"http:\/\/staging.ibermusicas.org\/index.php\/wp-json\/wp\/v2\/posts\/21412","targetHints":{"allow":["GET"]}}],"collection":[{"href":"http:\/\/staging.ibermusicas.org\/index.php\/wp-json\/wp\/v2\/posts"}],"about":[{"href":"http:\/\/staging.ibermusicas.org\/index.php\/wp-json\/wp\/v2\/types\/post"}],"author":[{"embeddable":true,"href":"http:\/\/staging.ibermusicas.org\/index.php\/wp-json\/wp\/v2\/users\/7"}],"replies":[{"embeddable":true,"href":"http:\/\/staging.ibermusicas.org\/index.php\/wp-json\/wp\/v2\/comments?post=21412"}],"version-history":[{"count":1,"href":"http:\/\/staging.ibermusicas.org\/index.php\/wp-json\/wp\/v2\/posts\/21412\/revisions"}],"predecessor-version":[{"id":21414,"href":"http:\/\/staging.ibermusicas.org\/index.php\/wp-json\/wp\/v2\/posts\/21412\/revisions\/21414"}],"wp:featuredmedia":[{"embeddable":true,"href":"http:\/\/staging.ibermusicas.org\/index.php\/wp-json\/wp\/v2\/media\/21448"}],"wp:attachment":[{"href":"http:\/\/staging.ibermusicas.org\/index.php\/wp-json\/wp\/v2\/media?parent=21412"}],"wp:term":[{"taxonomy":"category","embeddable":true,"href":"http:\/\/staging.ibermusicas.org\/index.php\/wp-json\/wp\/v2\/categories?post=21412"},{"taxonomy":"post_tag","embeddable":true,"href":"http:\/\/staging.ibermusicas.org\/index.php\/wp-json\/wp\/v2\/tags?post=21412"}],"curies":[{"name":"wp","href":"https:\/\/api.w.org\/{rel}","templated":true}]}}