{"id":21415,"date":"2025-01-23T17:51:59","date_gmt":"2025-01-23T17:51:59","guid":{"rendered":"http:\/\/staging.ibermusicas.org\/?p=21415"},"modified":"2025-02-27T16:38:54","modified_gmt":"2025-02-27T16:38:54","slug":"a-artista-elisabetta-marcora-comeca-seu-estagio-de-formacao-em-musica-andalusi-com-o-maitre-amin-chaachoo-em-tetuao-marrocos","status":"publish","type":"post","link":"http:\/\/staging.ibermusicas.org\/index.php\/a-artista-elisabetta-marcora-comeca-seu-estagio-de-formacao-em-musica-andalusi-com-o-maitre-amin-chaachoo-em-tetuao-marrocos\/","title":{"rendered":"A artista Elisabetta Marcora come\u00e7a seu est\u00e1gio de forma\u00e7\u00e3o em m\u00fasica Andalus\u00ed com o Maitre Amin Chaachoo em Tetu\u00e3o, Marrocos"},"content":{"rendered":"<p>Elisabetta Marcora vai realizar um m\u00eas de estudo da m\u00fasica Andalus\u00ed em Tetu\u00e3o, Marrocos no Tetouan-Asmir Center for Musicological Research and Conservation of Musical Heritage com o Maitre Amin Chaachoo que concluir\u00e1 com o \u201cEncontro musical entre culturas\u201d no dia 27 de Fevereiro com o Orchestre de m\u00fasica andalus\u00ed Al-Haiek, o Coro Al-Haiek e a\u00a0 participa\u00e7\u00e3o da artista.<\/p>\n<p>&nbsp;<\/p>\n<p>A m\u00fasica Andalus\u00ed \u00e9 o fruto musical da civiliza\u00e7\u00e3o de al-Andalus e foi preservada at\u00e9 os dias de hoje nos pa\u00edses do Magrebe (Marrocos, Arg\u00e9lia e Tun\u00edsia), por transmiss\u00e3o oral. A sua conce\u00e7\u00e3o modal \u00e9 \u00fanica no mundo, integrando-se numa concep\u00e7\u00e3o tradicional que une o aspecto racional \u00e0 dimens\u00e3o espiritual.<\/p>\n<p>&nbsp;<\/p>\n<p>A Orchestre Al-Haiek desenvolve a sua atividade desde 1985 no campo musical a v\u00e1rios n\u00edveis: concertos, investiga\u00e7\u00e3o, confer\u00eancias, cursos de forma\u00e7\u00e3o e master classes. Desta forma, adquiriu um perfil elevado, combinando o conhecimento tradicional (atrav\u00e9s do trabalho com os mestres) com o dom\u00ednio da ci\u00eancia musical. A Orchestre Al-Haiek \u00e9 dirigida pelo Maitre Amin Chaachoo e conta com os principais instrumentos da tradi\u00e7\u00e3o andaluza: ouds, rabab, violino, violas, violoncelo, contrabaixo, tar, darbuka e vozes.<\/p>\n<p>&nbsp;<\/p>\n<p>Embora a m\u00fasica andaluza seja o foco do seu interesse, a Orchestre Al-Haiek caracteriza-se tamb\u00e9m pela sua experi\u00eancia e capacidade de osmose musical com diferentes g\u00e9neros de m\u00fasica do mundo.<\/p>\n<p>&nbsp;<\/p>\n<p>Al\u00e9m disso, o facto de pertencer \u00e0 cidade de Tetu\u00e3o, centro indiscut\u00edvel da arte, da multicultura e do requinte andaluz, confere \u00e0 Orchestre Al-Haiek uma ampla perspetiva e uma rica variedade art\u00edstica. Esta versatilidade vantajosa, aliada \u00e0 grande mestria dos membros da orquestra, permitiu-lhe produzir grandes obras musicais na companhia de m\u00fasicos de diferentes tradi\u00e7\u00f5es de Marrocos, Arg\u00e9lia, Espanha, Fran\u00e7a e It\u00e1lia, entre outros.<\/p>\n<p>&nbsp;<\/p>\n<p>Amin Chaachoo \u00e9 m\u00fasico e music\u00f3logo. Primeiro Pr\u00e9mio de M\u00fasica Andaluza, Diploma de M\u00fasica Andaluza e Violino Andaluz e Pr\u00e9mio de Honra de M\u00fasica Andaluza pelo Conservat\u00f3rio de M\u00fasica de Tetu\u00e1n, Diploma de Especialista em Etnomusicologia pela Academia Acena de M\u00e1laga, Licenciatura em L\u00edngua e Literatura Hisp\u00e2nica pela Faculdade de Letras e Ci\u00eancias Humanas de Tetu\u00e1n, com uma tese sobre \u201cLas jarchas\u201d e um Mestrado em Literatura Francesa com uma tese sobre \u201cSemiologia da m\u00fasica andaluza\u201d. Doutor com uma tese sobre \u201cEst\u00e9tica, filosofia e metaf\u00edsica da m\u00fasica de al-Andalus\u201d. Primeiro Pr\u00e9mio Internacional de Estudos Andaluzes e Mouros Villa de Frigiliana 2011 (M\u00e1laga), Medalha de Ouro do C\u00edrculo Intercultural Hispano-\u00c1rabe de Madrid, 2019. Diretor fundador do Centro de Investiga\u00e7\u00e3o Musicol\u00f3gica Tetu\u00e1n-Asmir e fundador da Orquestra de M\u00fasica Andaluz de M\u00e1laga. Primeiro violino da Orquestra Andaluz de Tetu\u00e1n. Autor de v\u00e1rias obras sobre m\u00fasica andaluza, em \u00e1rabe, espanhol e franc\u00eas.<\/p>\n<p>&nbsp;<\/p>\n<p>Elisabetta Marcora come\u00e7ou o seu percurso musical com o piano aos 8 anos de idade em It\u00e1lia, seu pa\u00eds de origem, para depois estudar piano no Conservat\u00f3rio de M\u00fasica Luigi Cherubini em Floren\u00e7a at\u00e9 2005. Em 2017 come\u00e7ou a ter aulas de canto e a assistir a workshops e master class de canto tradicional do mundo na Gr\u00e9cia, em Portugal e em It\u00e1lia. Foi fundadora da\u00a0 Malotira , do trio Medraki, e do projeto Asteria Ensemble. Faz parte como cantora da banda Ramblers Parade e do Ensemble Libecciu, todos os grupos com base em Portugal. Tem colaborado com outros artistas, no espet\u00e1culo &#8216;Encontra-te comigo no Carrousel&#8217; de Pedro Salvador, para o Festival Todos, Lisboa, e na cocria\u00e7\u00e3o da can\u00e7\u00e3o &#8216;Pragmatika&#8217;, com o artista Francesco Pintaudi &#8216;Foggy&#8217;.<\/p>\n<p>&nbsp;<\/p>\n<p>O est\u00e1gio de forma\u00e7\u00e3o de Elisabetta Marcora em Tetu\u00e3o conta com o apoio do Programa Iberm\u00fasicas na linha de \u201cApoio \u00e0 especializa\u00e7\u00e3o e aperfei\u00e7oamento art\u00edstico e t\u00e9cnico\u201d, chamada 2024.<\/p>\n","protected":false},"excerpt":{"rendered":"<p>Elisabetta Marcora vai realizar um m\u00eas de estudo da m\u00fasica Andalus\u00ed em Tetu\u00e3o, Marrocos no Tetouan-Asmir Center for Musicological Research and Conservation of Musical Heritage com o Maitre Amin Chaachoo que concluir\u00e1 com o \u201cEncontro musical entre culturas\u201d no dia 27 de Fevereiro com o Orchestre de m\u00fasica andalus\u00ed Al-Haiek, o Coro Al-Haiek e a\u00a0 [&hellip;]<\/p>\n","protected":false},"author":7,"featured_media":21413,"comment_status":"closed","ping_status":"closed","sticky":false,"template":"","format":"standard","meta":{"footnotes":""},"categories":[218],"tags":[],"class_list":["post-21415","post","type-post","status-publish","format-standard","has-post-thumbnail","hentry","category-noticias-generales-pt"],"lang":"pt","translations":{"pt":21415,"es":21412},"pll_sync_post":[],"post_mailing_queue_ids":[],"_links":{"self":[{"href":"http:\/\/staging.ibermusicas.org\/index.php\/wp-json\/wp\/v2\/posts\/21415","targetHints":{"allow":["GET"]}}],"collection":[{"href":"http:\/\/staging.ibermusicas.org\/index.php\/wp-json\/wp\/v2\/posts"}],"about":[{"href":"http:\/\/staging.ibermusicas.org\/index.php\/wp-json\/wp\/v2\/types\/post"}],"author":[{"embeddable":true,"href":"http:\/\/staging.ibermusicas.org\/index.php\/wp-json\/wp\/v2\/users\/7"}],"replies":[{"embeddable":true,"href":"http:\/\/staging.ibermusicas.org\/index.php\/wp-json\/wp\/v2\/comments?post=21415"}],"version-history":[{"count":1,"href":"http:\/\/staging.ibermusicas.org\/index.php\/wp-json\/wp\/v2\/posts\/21415\/revisions"}],"predecessor-version":[{"id":21416,"href":"http:\/\/staging.ibermusicas.org\/index.php\/wp-json\/wp\/v2\/posts\/21415\/revisions\/21416"}],"wp:featuredmedia":[{"embeddable":true,"href":"http:\/\/staging.ibermusicas.org\/index.php\/wp-json\/wp\/v2\/media\/21413"}],"wp:attachment":[{"href":"http:\/\/staging.ibermusicas.org\/index.php\/wp-json\/wp\/v2\/media?parent=21415"}],"wp:term":[{"taxonomy":"category","embeddable":true,"href":"http:\/\/staging.ibermusicas.org\/index.php\/wp-json\/wp\/v2\/categories?post=21415"},{"taxonomy":"post_tag","embeddable":true,"href":"http:\/\/staging.ibermusicas.org\/index.php\/wp-json\/wp\/v2\/tags?post=21415"}],"curies":[{"name":"wp","href":"https:\/\/api.w.org\/{rel}","templated":true}]}}