{"id":21417,"date":"2025-01-23T17:53:38","date_gmt":"2025-01-23T17:53:38","guid":{"rendered":"http:\/\/staging.ibermusicas.org\/?p=21417"},"modified":"2025-02-27T16:26:48","modified_gmt":"2025-02-27T16:26:48","slug":"el-musico-portugues-henrique-portovedo-participara-en-el-programa-de-estudios-avanzados-cas-en-direccion-de-repertorio-contemporaneo","status":"publish","type":"post","link":"http:\/\/staging.ibermusicas.org\/index.php\/el-musico-portugues-henrique-portovedo-participara-en-el-programa-de-estudios-avanzados-cas-en-direccion-de-repertorio-contemporaneo\/","title":{"rendered":"El m\u00fasico portugu\u00e9s Henrique Portovedo participar\u00e1 en el programa de Estudios Avanzados (CAS) en Direcci\u00f3n de Repertorio Contempor\u00e1neo"},"content":{"rendered":"<p>Con el apoyo del Programa Iberm\u00fasicas, Henrique Portovedo realizar\u00e1 en Lugano, en el Conservatorio de la Suiza Italiana, el programa de Estudios Avanzados (CAS) en Direcci\u00f3n de Repertorio Contempor\u00e1neo bajo la tutela de uno de los m\u00e1s experimentados y destacados directores de m\u00fasica contempor\u00e1nea, Arturo Tamayo, con el Ensemble 900 Presente como grupo residente.<\/p>\n<p>El proyecto art\u00edstico resultante de esta formaci\u00f3n comprende dos conciertos del Ensemble Momentum UA, que combinan la celebraci\u00f3n del centenario del nacimiento de Pierre Boulez con el estreno de obras de j\u00f3venes compositores portugueses, seleccionadas a partir de una \u00abconvocatoria de partituras\u00bb. El objetivo es fomentar una din\u00e1mica educativa y la proximidad a la m\u00fasica contempor\u00e1nea como elemento de pedagog\u00eda est\u00e9tica.<\/p>\n<p>Partiendo de su trayectoria como instrumentista, especialmente en lo que se refiere a la interacci\u00f3n entre int\u00e9rprete y compositor en el desarrollo de obras musicales, m\u00e1s recientemente Henrique Portovedo viene desarrollando proyectos a trav\u00e9s de la direcci\u00f3n de conjuntos de m\u00fasica contempor\u00e1nea.<\/p>\n<p>Se trata de un proyecto que ha recibido el apoyo del Programa Iberm\u00fasicas mediante su l\u00ednea de \u201cAyuda a la especializaci\u00f3n y el perfeccionamiento art\u00edstico y t\u00e9cnico\u201d, convocatoria 2024.<\/p>\n","protected":false},"excerpt":{"rendered":"<p>Con el apoyo del Programa Iberm\u00fasicas, Henrique Portovedo realizar\u00e1 en Lugano, en el Conservatorio de la Suiza Italiana, el programa de Estudios Avanzados (CAS) en Direcci\u00f3n de Repertorio Contempor\u00e1neo bajo la tutela de uno de los m\u00e1s experimentados y destacados directores de m\u00fasica contempor\u00e1nea, Arturo Tamayo, con el Ensemble 900 Presente como grupo residente. El [&hellip;]<\/p>\n","protected":false},"author":7,"featured_media":21447,"comment_status":"closed","ping_status":"closed","sticky":false,"template":"","format":"standard","meta":{"footnotes":""},"categories":[53],"tags":[],"class_list":["post-21417","post","type-post","status-publish","format-standard","has-post-thumbnail","hentry","category-noticias-generales"],"lang":"es","translations":{"es":21417},"pll_sync_post":[],"post_mailing_queue_ids":[],"_links":{"self":[{"href":"http:\/\/staging.ibermusicas.org\/index.php\/wp-json\/wp\/v2\/posts\/21417","targetHints":{"allow":["GET"]}}],"collection":[{"href":"http:\/\/staging.ibermusicas.org\/index.php\/wp-json\/wp\/v2\/posts"}],"about":[{"href":"http:\/\/staging.ibermusicas.org\/index.php\/wp-json\/wp\/v2\/types\/post"}],"author":[{"embeddable":true,"href":"http:\/\/staging.ibermusicas.org\/index.php\/wp-json\/wp\/v2\/users\/7"}],"replies":[{"embeddable":true,"href":"http:\/\/staging.ibermusicas.org\/index.php\/wp-json\/wp\/v2\/comments?post=21417"}],"version-history":[{"count":1,"href":"http:\/\/staging.ibermusicas.org\/index.php\/wp-json\/wp\/v2\/posts\/21417\/revisions"}],"predecessor-version":[{"id":21419,"href":"http:\/\/staging.ibermusicas.org\/index.php\/wp-json\/wp\/v2\/posts\/21417\/revisions\/21419"}],"wp:featuredmedia":[{"embeddable":true,"href":"http:\/\/staging.ibermusicas.org\/index.php\/wp-json\/wp\/v2\/media\/21447"}],"wp:attachment":[{"href":"http:\/\/staging.ibermusicas.org\/index.php\/wp-json\/wp\/v2\/media?parent=21417"}],"wp:term":[{"taxonomy":"category","embeddable":true,"href":"http:\/\/staging.ibermusicas.org\/index.php\/wp-json\/wp\/v2\/categories?post=21417"},{"taxonomy":"post_tag","embeddable":true,"href":"http:\/\/staging.ibermusicas.org\/index.php\/wp-json\/wp\/v2\/tags?post=21417"}],"curies":[{"name":"wp","href":"https:\/\/api.w.org\/{rel}","templated":true}]}}