{"id":21420,"date":"2025-01-23T17:55:03","date_gmt":"2025-01-23T17:55:03","guid":{"rendered":"http:\/\/staging.ibermusicas.org\/?p=21420"},"modified":"2025-02-27T16:38:46","modified_gmt":"2025-02-27T16:38:46","slug":"o-musico-portugues-henrique-portovedo-estara-a-realizar-o-programa-advanced-studies-cas-in-contemporary-repertoire-conducting","status":"publish","type":"post","link":"http:\/\/staging.ibermusicas.org\/index.php\/o-musico-portugues-henrique-portovedo-estara-a-realizar-o-programa-advanced-studies-cas-in-contemporary-repertoire-conducting\/","title":{"rendered":"O m\u00fasico portugu\u00eas Henrique Portovedo estar\u00e1 a realizar o programa Advanced Studies (CAS) in Contemporary Repertoire Conducting"},"content":{"rendered":"<p>Com o apoio do Programa Ibermusicas, Henrique Portovedo estar\u00e1 a realizar o programa Advanced Studies (CAS) in Contemporary Repertoire Conducting sob orienta\u00e7\u00e3o de um dos mais experientes e destacados maestros de mu\u0301sica contempora\u0302nea, Arturo Tamayo, em Lugano no Conservatorio dela Svizzera Italiana, tendo como grupo residente o Ensemble 900 Presente.<\/p>\n<p>&nbsp;<\/p>\n<p>O projeto art\u00edstico decorrente desta forma\u00e7\u00e3o compreende a realiza\u00e7\u00e3o de dois concertos pelo Ensemble Momentum UA, juntando a celebra\u00e7\u00e3o do centen\u00e1rio do nascimento de Pierre Boulez \u00e0 estreia de obras de jovens compositores portugueses, selecionadas a partir de um \u201ccall for scores\u201d. Deste modo procura-se fomentar uma dina\u0302mica educativa e de proximidade com a mu\u0301sica contempora\u0302nea enquanto elemento de pedagogia este\u0301tica.<\/p>\n<p>&nbsp;<\/p>\n<p>A partir do seu percurso enquanto instrumentista, sobretudo no que toca \u00e0 interac\u0327a\u0303o entre performer e compositor no desenvolvimento de obras musicais, mais recentemente, Henrique Portovedo tem desenvolvido projectos atrav\u00e9s da direc\u0327a\u0303o de ensembles de m\u00fasica contempor\u00e2nea.<\/p>\n<p>Esse projeto recebeu apoio do Programa Iberm\u00fasicas por meio de sua linha de \u201cAux\u00edlio \u00e0 especializa\u00e7\u00e3o e ao aperfei\u00e7oamento art\u00edstico e t\u00e9cnico\u201d, chamada para candidaturas 2024.<\/p>\n","protected":false},"excerpt":{"rendered":"<p>Com o apoio do Programa Ibermusicas, Henrique Portovedo estar\u00e1 a realizar o programa Advanced Studies (CAS) in Contemporary Repertoire Conducting sob orienta\u00e7\u00e3o de um dos mais experientes e destacados maestros de mu\u0301sica contempora\u0302nea, Arturo Tamayo, em Lugano no Conservatorio dela Svizzera Italiana, tendo como grupo residente o Ensemble 900 Presente. &nbsp; O projeto art\u00edstico decorrente [&hellip;]<\/p>\n","protected":false},"author":7,"featured_media":21418,"comment_status":"closed","ping_status":"closed","sticky":false,"template":"","format":"standard","meta":{"footnotes":""},"categories":[218],"tags":[],"class_list":["post-21420","post","type-post","status-publish","format-standard","has-post-thumbnail","hentry","category-noticias-generales-pt"],"lang":"pt","translations":{"pt":21420},"pll_sync_post":[],"post_mailing_queue_ids":[],"_links":{"self":[{"href":"http:\/\/staging.ibermusicas.org\/index.php\/wp-json\/wp\/v2\/posts\/21420","targetHints":{"allow":["GET"]}}],"collection":[{"href":"http:\/\/staging.ibermusicas.org\/index.php\/wp-json\/wp\/v2\/posts"}],"about":[{"href":"http:\/\/staging.ibermusicas.org\/index.php\/wp-json\/wp\/v2\/types\/post"}],"author":[{"embeddable":true,"href":"http:\/\/staging.ibermusicas.org\/index.php\/wp-json\/wp\/v2\/users\/7"}],"replies":[{"embeddable":true,"href":"http:\/\/staging.ibermusicas.org\/index.php\/wp-json\/wp\/v2\/comments?post=21420"}],"version-history":[{"count":1,"href":"http:\/\/staging.ibermusicas.org\/index.php\/wp-json\/wp\/v2\/posts\/21420\/revisions"}],"predecessor-version":[{"id":21421,"href":"http:\/\/staging.ibermusicas.org\/index.php\/wp-json\/wp\/v2\/posts\/21420\/revisions\/21421"}],"wp:featuredmedia":[{"embeddable":true,"href":"http:\/\/staging.ibermusicas.org\/index.php\/wp-json\/wp\/v2\/media\/21418"}],"wp:attachment":[{"href":"http:\/\/staging.ibermusicas.org\/index.php\/wp-json\/wp\/v2\/media?parent=21420"}],"wp:term":[{"taxonomy":"category","embeddable":true,"href":"http:\/\/staging.ibermusicas.org\/index.php\/wp-json\/wp\/v2\/categories?post=21420"},{"taxonomy":"post_tag","embeddable":true,"href":"http:\/\/staging.ibermusicas.org\/index.php\/wp-json\/wp\/v2\/tags?post=21420"}],"curies":[{"name":"wp","href":"https:\/\/api.w.org\/{rel}","templated":true}]}}