{"id":21467,"date":"2025-01-29T18:34:36","date_gmt":"2025-01-29T18:34:36","guid":{"rendered":"http:\/\/staging.ibermusicas.org\/?p=21467"},"modified":"2025-02-27T16:26:38","modified_gmt":"2025-02-27T16:26:38","slug":"la-pianista-brasilena-heloisa-fernandes-regresa-a-estados-unidos-con-un-nuevo-repertorio-inspirado-en-el-amazonas","status":"publish","type":"post","link":"http:\/\/staging.ibermusicas.org\/index.php\/la-pianista-brasilena-heloisa-fernandes-regresa-a-estados-unidos-con-un-nuevo-repertorio-inspirado-en-el-amazonas\/","title":{"rendered":"La pianista brasile\u00f1a Helo\u00edsa Fernandes regresa a Estados Unidos con un nuevo repertorio inspirado en el Amazonas"},"content":{"rendered":"<p>La pianista y compositora Helo\u00edsa Fernandes regresa a Estados Unidos en su primera visita desde la grabaci\u00f3n de su aclamado \u00e1lbum para piano solo, Faces, realizada en 2015 en Chicago. Presenta su nuevo cuarteto con un programa reci\u00e9n compuesto &#8211; Sonho das \u00e1guas &#8211; y concluir\u00e1 su visita con actuaciones en solitario y un regreso a PianoForte Studio en Chicago para grabar un nuevo \u00e1lbum en solista.<\/p>\n<p>&nbsp;<\/p>\n<p>\u00abLa historia\u00bb, dice de Sonho das \u00e1guas, \u00abse contar\u00e1 en fotogramas o cap\u00edtulos, que reflejan momentos de observaci\u00f3n y reflexi\u00f3n sobre la belleza, la inmensidad y la vida que existe en el Amazonas.\u00bb<\/p>\n<p>&nbsp;<\/p>\n<p>\u00abEl a\u00f1o 2024 comenz\u00f3 con un fuerte deseo de crear nuevo material para una nueva familia musical &#8211; el cuarteto &#8211; para que juntos pudi\u00e9ramos contar la historia que ocurri\u00f3 dentro de m\u00ed despu\u00e9s de vivir un momento importante en mi vida. Tuve una experiencia muy conmovedora a finales de 2023, cuando viaj\u00e9 al Amazonas por primera vez para un concierto y me encontr\u00e9 cara a cara con la inmensidad de la selva y sus numerosos r\u00edos. Fue transformador ver tanta belleza\u00bb.<\/p>\n<p>&nbsp;<\/p>\n<p>As\u00ed comenz\u00f3 su b\u00fasqueda para contar una historia musical inspirada en la Amazonia, la mayor selva tropical del mundo, que sustenta una biodiversidad sin igual, habitada por innumerables pueblos ind\u00edgenas, atravesada por varios r\u00edos, entre ellos el r\u00edo Amazonas, el mayor y m\u00e1s caudaloso del mundo.<\/p>\n<p>&nbsp;<\/p>\n<p>\u00abUnos meses despu\u00e9s de empezar a trabajar en las composiciones, una noche tuve un sue\u00f1o en el que me lanzaba a las aguas de un r\u00edo caudaloso y lo sent\u00eda todo perfectamente, como si estuviera realmente en \u00e9l: la temperatura, el movimiento del agua, el r\u00edo llev\u00e1ndome, el entorno con la selva&#8230; en definitiva, todo el ambiente y sus sensaciones. Me despert\u00e9 feliz y absolutamente convencida de que iba por buen camino\u00bb.<\/p>\n<p>&nbsp;<\/p>\n<p>\u00abLa naturaleza siempre ha estado presente en mis composiciones, en cierto modo\u00bb, se\u00f1ala, \u00bbporque soy brasile\u00f1a y vivo en un pa\u00eds que abastece al mundo con sus bosques y r\u00edos. La historia que contamos hoy con este cuarteto es una reflexi\u00f3n y tambi\u00e9n un grito al mundo sobre la importancia de la Amazonia para el planeta, como fuente de vida y la necesidad de su preservaci\u00f3n\u00bb.<\/p>\n<p>&nbsp;<\/p>\n<p>\u00abEspero que consigamos nuestro objetivo de honrar a la Amazon\u00eda a trav\u00e9s de la m\u00fasica, despertando los sentidos de la gente para que sienta y piense en la importancia de la vida\u00bb.<\/p>\n<p>&nbsp;<\/p>\n<p>El cuarteto est\u00e1 formado por Helo\u00edsa Fernandes (piano), Toninho Carrasqueira (flauta), Sidiel Vieira (bajo) y Ari Colares (percusi\u00f3n). Actuar\u00e1n en Maryland, las Islas V\u00edrgenes, Pensilvania y California. Helo\u00edsa tocar\u00e1 en solitario en Ann Arbor y Chicago antes de entrar en el estudio de Chicago para grabar su pr\u00f3ximo \u00e1lbum.<\/p>\n<p>&nbsp;<\/p>\n<p>Esta gira de Helo\u00edsa Fern\u00e1ndez cuenta con el apoyo del Programa Iberm\u00fasicas y Mid Atlantic Arts.<\/p>\n<p>&nbsp;<\/p>\n<p>&nbsp;<\/p>\n<ul>\n<li>30 de enero, 19:30: Concierto en cuarteto. The Mansion at Strathmore, North Bethesda, Maryland<\/li>\n<li>1 de febrero, 19:00: Concierto en cuarteto. Performing Arts Forum, Prior-Jollek Hall &#8211; Antilles School Campus. Thomas, Islas V\u00edrgenes Estadounidenses<\/li>\n<li>4 de febrero, 19.00: Concierto en cuarteto. Sociedad de las Am\u00e9ricas, Nueva York<\/li>\n<li>6 de febrero, 19.30: Concierto en cuarteto. Williams Centre for the Performing Arts, Lafayette College, Easton, Pensilvania<\/li>\n<li>7 de febrero, 19:30: Concierto en cuarteto. Auditorio Decker, Daniel Z. Gibson Centre for the Arts, Washington College, Chestertown, Maryland<\/li>\n<li>11 de febrero, 19:30: Concierto en cuarteto. Sala de conciertos del Centro Weis, Universidad de Bucknell, Lewisburg, Pensilvania<\/li>\n<li>13, 14 y 15 de febrero, 19:30: Concierto en cuarteto. Vanderhoef Studio Theatre, Mondavi Center for the Performing Arts, Universidad de California en Davis, California<\/li>\n<li>21 de febrero, 19:30. Concierto de piano solo. Sala de conciertos Kerrytown. Ann Arbor, Michigan<\/li>\n<li>23 de febrero, 19:00 Concierto de piano solo presentado por el Centro Cultural Latino de Chicago en el Epiphany Center for the Arts. Chicago, Illinois<\/li>\n<\/ul>\n","protected":false},"excerpt":{"rendered":"<p>La pianista y compositora Helo\u00edsa Fernandes regresa a Estados Unidos en su primera visita desde la grabaci\u00f3n de su aclamado \u00e1lbum para piano solo, Faces, realizada en 2015 en Chicago. Presenta su nuevo cuarteto con un programa reci\u00e9n compuesto &#8211; Sonho das \u00e1guas &#8211; y concluir\u00e1 su visita con actuaciones en solitario y un regreso [&hellip;]<\/p>\n","protected":false},"author":7,"featured_media":21468,"comment_status":"closed","ping_status":"closed","sticky":false,"template":"","format":"standard","meta":{"footnotes":""},"categories":[53],"tags":[],"class_list":["post-21467","post","type-post","status-publish","format-standard","has-post-thumbnail","hentry","category-noticias-generales"],"lang":"es","translations":{"es":21467,"pt":21470},"pll_sync_post":[],"post_mailing_queue_ids":[],"_links":{"self":[{"href":"http:\/\/staging.ibermusicas.org\/index.php\/wp-json\/wp\/v2\/posts\/21467","targetHints":{"allow":["GET"]}}],"collection":[{"href":"http:\/\/staging.ibermusicas.org\/index.php\/wp-json\/wp\/v2\/posts"}],"about":[{"href":"http:\/\/staging.ibermusicas.org\/index.php\/wp-json\/wp\/v2\/types\/post"}],"author":[{"embeddable":true,"href":"http:\/\/staging.ibermusicas.org\/index.php\/wp-json\/wp\/v2\/users\/7"}],"replies":[{"embeddable":true,"href":"http:\/\/staging.ibermusicas.org\/index.php\/wp-json\/wp\/v2\/comments?post=21467"}],"version-history":[{"count":1,"href":"http:\/\/staging.ibermusicas.org\/index.php\/wp-json\/wp\/v2\/posts\/21467\/revisions"}],"predecessor-version":[{"id":21469,"href":"http:\/\/staging.ibermusicas.org\/index.php\/wp-json\/wp\/v2\/posts\/21467\/revisions\/21469"}],"wp:featuredmedia":[{"embeddable":true,"href":"http:\/\/staging.ibermusicas.org\/index.php\/wp-json\/wp\/v2\/media\/21468"}],"wp:attachment":[{"href":"http:\/\/staging.ibermusicas.org\/index.php\/wp-json\/wp\/v2\/media?parent=21467"}],"wp:term":[{"taxonomy":"category","embeddable":true,"href":"http:\/\/staging.ibermusicas.org\/index.php\/wp-json\/wp\/v2\/categories?post=21467"},{"taxonomy":"post_tag","embeddable":true,"href":"http:\/\/staging.ibermusicas.org\/index.php\/wp-json\/wp\/v2\/tags?post=21467"}],"curies":[{"name":"wp","href":"https:\/\/api.w.org\/{rel}","templated":true}]}}