{"id":21470,"date":"2025-01-29T18:35:52","date_gmt":"2025-01-29T18:35:52","guid":{"rendered":"http:\/\/staging.ibermusicas.org\/?p=21470"},"modified":"2025-02-27T16:38:34","modified_gmt":"2025-02-27T16:38:34","slug":"a-pianista-brasileira-heloisa-fernandes-retorna-aos-estados-unidos-com-novo-repertorio-inspirado-na-amazonia","status":"publish","type":"post","link":"http:\/\/staging.ibermusicas.org\/index.php\/a-pianista-brasileira-heloisa-fernandes-retorna-aos-estados-unidos-com-novo-repertorio-inspirado-na-amazonia\/","title":{"rendered":"A pianista brasileira Helo\u00edsa Fernandes retorna aos Estados Unidos com novo repert\u00f3rio inspirado na Amaz\u00f4nia"},"content":{"rendered":"<p>A pianista e compositora Helo\u00edsa Fernandes retorna aos Estados Unidos para sua primeira visita desde a grava\u00e7\u00e3o de seu aclamado \u00e1lbum de piano solo, Faces, feita em 2015, em Chicago. Apresenta seu novo quarteto com um programa rec\u00e9m-composto &#8211; Sonho das \u00e1guas &#8211; e concluir\u00e1 sua visita com apresenta\u00e7\u00f5es solistas e um retorno ao PianoForte Studio em Chicago para gravar um novo \u00e1lbum solo.<\/p>\n<p>&nbsp;<\/p>\n<p>\u201cA hist\u00f3ria\u201d, diz ela sobre Sonho das \u00e1guas, \u201cser\u00e1 contada em quadros ou cap\u00edtulos, que refletem momentos de observa\u00e7\u00e3o e reflex\u00e3o sobre a beleza, a imensid\u00e3o e a vida que existe na Amaz\u00f4nia\u201d.<\/p>\n<p>&nbsp;<\/p>\n<p>\u201cO ano de 2024 come\u00e7ou com um forte desejo de criar um novo material para uma nova fam\u00edlia musical &#8211; o quarteto &#8211; para que juntos pud\u00e9ssemos contar a hist\u00f3ria que aconteceu dentro de mim depois de viver um momento importante em minha vida. Tive uma experi\u00eancia muito emocionante no final de 2023, quando viajei para a Amaz\u00f4nia pela primeira vez para um concerto e me deparei com a imensid\u00e3o da floresta e seus muitos rios. Foi transformador ver tanta beleza\u201d.<\/p>\n<p>&nbsp;<\/p>\n<p>Assim come\u00e7ou sua busca para contar uma hist\u00f3ria musical inspirada na Amaz\u00f4nia, a maior floresta tropical do mundo, que sustenta uma biodiversidade incompar\u00e1vel, habitada por in\u00fameros povos ind\u00edgenas, atravessada por v\u00e1rios rios, incluindo o rio Amazonas, o maior e mais volumoso rio do mundo.<\/p>\n<p>&nbsp;<\/p>\n<p>\u201cAlguns meses depois de come\u00e7ar a trabalhar nas composi\u00e7\u00f5es, uma noite tive um sonho em que me joguei nas \u00e1guas de um rio caudaloso e senti tudo perfeitamente, como se estivesse realmente nele &#8211; a temperatura, o movimento da \u00e1gua, o rio me carregando, o entorno com a floresta &#8211; enfim, todo o ambiente e suas sensa\u00e7\u00f5es. Acordei feliz e absolutamente convencida de que estava no caminho certo.\u00bb<\/p>\n<p>&nbsp;<\/p>\n<p>\u201cA natureza sempre esteve presente em minhas composi\u00e7\u00f5es, de certa forma\u201d, observa ela, \u201dporque sou brasileira e vivo em um pa\u00eds que abastece o mundo com suas florestas e rios. A hist\u00f3ria que estamos contando com esse quarteto hoje \u00e9 uma reflex\u00e3o e tamb\u00e9m um grito para o mundo, sobre a import\u00e2ncia da Amaz\u00f4nia para o planeta, como fonte de vida e a necessidade de sua preserva\u00e7\u00e3o.<\/p>\n<p>&nbsp;<\/p>\n<p>\u201cEspero que consigamos atingir nosso objetivo, de homenagear a Amaz\u00f4nia por meio da m\u00fasica, despertando os sentidos das pessoas para que sintam e pensem sobre a import\u00e2ncia da vida.\u201d<\/p>\n<p>&nbsp;<\/p>\n<p>O quarteto \u00e9 formado por Helo\u00edsa Fernandes (piano), Toninho Carrasqueira (flauta), Sidiel Vieira (baixo) e Ari Colares (percuss\u00e3o). Eles se apresentar\u00e3o em Maryland, nas Ilhas Virgens Americanas, na Pensilv\u00e2nia e na Calif\u00f3rnia. Helo\u00edsa far\u00e1 shows individuais em Ann Arbor e Chicago antes de entrar em est\u00fadio em Chicago para gravar seu pr\u00f3ximo \u00e1lbum.<\/p>\n<p>&nbsp;<\/p>\n<p>Esta turn\u00ea de Heloisa Fern\u00e1ndez tem o apoio do Programa Iberm\u00fasicas e da Mid Atlantic Arts.<\/p>\n<p>&nbsp;<\/p>\n<ul>\n<li>30 de janeiro, 19h30: Concerto em quarteto. The Mansion at Strathmore, North Bethesda, Maryland<\/li>\n<li>1 de fevereiro, 19h: Concerto em quarteto.F\u00f3rum de Artes C\u00eanicas, Prior-Jollek Hall &#8211; Campus da Antilles School. Thomas, Ilhas Virgens Americanas<\/li>\n<li>4 de fevereiro, 19h: Concerto em quarteto. Sociedade das Am\u00e9ricas, Nova York<\/li>\n<li>6 de fevereiro, 19h30: Concerto em quarteto. Williams Center for the Performing Arts, Faculdade Lafayette, Easton, Pensilv\u00e2nia<\/li>\n<li>7 de fevereiro, 19h30: Concerto em quarteto. Decker Auditorium, Daniel Z. Gibson Center for the Arts, Faculdade de Washington, Chestertown, Maryland<\/li>\n<li>11 de fevereiro, 19h30: Concerto em quarteto. Sala de Concertos do Weis Center, Universidade de Bucknell, Lewisburg, Pensilv\u00e2nia<\/li>\n<li>13, 14 e 15 de fevereiro, 19h30: Concerto em quarteto. Vanderhoef Studio Theatre, Mondavi Center for the Performing Arts, Universidade da Calif\u00f3rnia em Davis, Calif\u00f3rnia<\/li>\n<li>21 de fevereiro, 19h30. Concerto de piano solo.Casa de Concertos de Kerrytown. Ann Arbor, Michigan<\/li>\n<li>23 de fevereiro, 19h Concerto de piano solo apresentado pelo Centro Cultural Latino de Chicago no Epiphany Center for the Arts. Chicago, Illinois<\/li>\n<\/ul>\n","protected":false},"excerpt":{"rendered":"<p>A pianista e compositora Helo\u00edsa Fernandes retorna aos Estados Unidos para sua primeira visita desde a grava\u00e7\u00e3o de seu aclamado \u00e1lbum de piano solo, Faces, feita em 2015, em Chicago. Apresenta seu novo quarteto com um programa rec\u00e9m-composto &#8211; Sonho das \u00e1guas &#8211; e concluir\u00e1 sua visita com apresenta\u00e7\u00f5es solistas e um retorno ao PianoForte [&hellip;]<\/p>\n","protected":false},"author":7,"featured_media":21468,"comment_status":"closed","ping_status":"closed","sticky":false,"template":"","format":"standard","meta":{"footnotes":""},"categories":[218],"tags":[],"class_list":["post-21470","post","type-post","status-publish","format-standard","has-post-thumbnail","hentry","category-noticias-generales-pt"],"lang":"pt","translations":{"pt":21470,"es":21467},"pll_sync_post":[],"post_mailing_queue_ids":[],"_links":{"self":[{"href":"http:\/\/staging.ibermusicas.org\/index.php\/wp-json\/wp\/v2\/posts\/21470","targetHints":{"allow":["GET"]}}],"collection":[{"href":"http:\/\/staging.ibermusicas.org\/index.php\/wp-json\/wp\/v2\/posts"}],"about":[{"href":"http:\/\/staging.ibermusicas.org\/index.php\/wp-json\/wp\/v2\/types\/post"}],"author":[{"embeddable":true,"href":"http:\/\/staging.ibermusicas.org\/index.php\/wp-json\/wp\/v2\/users\/7"}],"replies":[{"embeddable":true,"href":"http:\/\/staging.ibermusicas.org\/index.php\/wp-json\/wp\/v2\/comments?post=21470"}],"version-history":[{"count":1,"href":"http:\/\/staging.ibermusicas.org\/index.php\/wp-json\/wp\/v2\/posts\/21470\/revisions"}],"predecessor-version":[{"id":21471,"href":"http:\/\/staging.ibermusicas.org\/index.php\/wp-json\/wp\/v2\/posts\/21470\/revisions\/21471"}],"wp:featuredmedia":[{"embeddable":true,"href":"http:\/\/staging.ibermusicas.org\/index.php\/wp-json\/wp\/v2\/media\/21468"}],"wp:attachment":[{"href":"http:\/\/staging.ibermusicas.org\/index.php\/wp-json\/wp\/v2\/media?parent=21470"}],"wp:term":[{"taxonomy":"category","embeddable":true,"href":"http:\/\/staging.ibermusicas.org\/index.php\/wp-json\/wp\/v2\/categories?post=21470"},{"taxonomy":"post_tag","embeddable":true,"href":"http:\/\/staging.ibermusicas.org\/index.php\/wp-json\/wp\/v2\/tags?post=21470"}],"curies":[{"name":"wp","href":"https:\/\/api.w.org\/{rel}","templated":true}]}}