{"id":21476,"date":"2025-01-29T18:41:50","date_gmt":"2025-01-29T18:41:50","guid":{"rendered":"http:\/\/staging.ibermusicas.org\/?p=21476"},"modified":"2025-02-27T16:26:20","modified_gmt":"2025-02-27T16:26:20","slug":"el-compositor-brasileno-caio-faco-inicia-su-residencia-creativa-en-portugal","status":"publish","type":"post","link":"http:\/\/staging.ibermusicas.org\/index.php\/el-compositor-brasileno-caio-faco-inicia-su-residencia-creativa-en-portugal\/","title":{"rendered":"El compositor brasile\u00f1o Caio Fac\u00f3 inicia su residencia creativa en Portugal"},"content":{"rendered":"<p>La residencia de Caio Fac\u00f3 en Paredes, Portugal, incluir\u00e1 conciertos y grabaciones de una nueva obra para clarinete bajo solo y otra para clarinete bajo y cuarteto de cuerdas. Adem\u00e1s, el compositor impartir\u00e1 una clase magistral de composici\u00f3n para j\u00f3venes compositores en el Conservatorio de Paredes.<\/p>\n<p>&nbsp;<\/p>\n<p>Durante esta residencia, Caio Fac\u00f3 asesorar\u00e1 art\u00edsticamente a Frederic Cardoso en la grabaci\u00f3n de un disco para clarinete bajo solo con obras de compositores brasile\u00f1os (Germ\u00e1n Gras, Lauro Pecktor, Fernando Emboaba, Bruno Angelo, Harry Crowl y Levy Oliveira).<\/p>\n<p>&nbsp;<\/p>\n<p>Caio Fac\u00f3 (Brasil, 1992) es un compositor de renombre internacional, ganador de numerosos premios y encargos, cuyo cat\u00e1logo de obras abarca desde m\u00fasica solista hasta m\u00fasica orquestal a gran escala. Su obra se ha relacionado con movimientos anticolonialistas y temas del Sur Global.<\/p>\n<p>&nbsp;<\/p>\n<p>Su m\u00fasica ha sido interpretada por la Orquestra Sinf\u00f4nica de S\u00e3o Paulo (Brasil), International Contemporary Ensemble (EE.UU.), Voxes Contempor\u00e1nea (Argentina), Orquestra Filarm\u00f4nica de Minas Gerais (Brasil), Mivos Quartet (EE.UU.), Ensemble CEPROMUSIC (M\u00e9xico); y los artistas Emmanuel Pahud (Suiza), Jiajia Li (China), Emmanuele Baldini (Italia), Erzhan Kulibaev (Espa\u00f1a). Tambi\u00e9n ha trabajado con la Orquesta de C\u00e1mara de Valdivia (Chile) y el MPMP Ensemble (Portugal) como compositor residente y fue becario de Iberm\u00fasica.<\/p>\n<p>&nbsp;<\/p>\n<p>Fac\u00f3 fue el primer compositor invitado del Cuarteto de Cuerdas de la OSESP y ha ganado premios en concursos internacionales como el Concurso de la Orquesta Metropolitana de Lisboa (Portugal), el Festival Bienal de M\u00fasica Brasile\u00f1a Contempor\u00e1nea, el Concurso Internacional de Compositores (Bosnia y Herzegovina) y, durante tres a\u00f1os consecutivos, fue galardonado en el Festival Tinta Fresca (el concurso de composici\u00f3n m\u00e1s importante de Brasil).<\/p>\n<p>&nbsp;<\/p>\n<p>Fac\u00f3 obtuvo sus diplomas de posgrado en la Universidad Federal de Rio Grande do Sul: Doctorado &#8211; 2022; M\u00e1ster &#8211; 2018. Actualmente vive en Bahrein, donde trabaja como profesor de m\u00fasica en el Polit\u00e9cnico de Bahrein.<\/p>\n<p>&nbsp;<\/p>\n<p>La residencia de Caio Fac\u00f3 es posible gracias al apoyo del Programa Iberm\u00fasicas.<\/p>\n","protected":false},"excerpt":{"rendered":"<p>La residencia de Caio Fac\u00f3 en Paredes, Portugal, incluir\u00e1 conciertos y grabaciones de una nueva obra para clarinete bajo solo y otra para clarinete bajo y cuarteto de cuerdas. Adem\u00e1s, el compositor impartir\u00e1 una clase magistral de composici\u00f3n para j\u00f3venes compositores en el Conservatorio de Paredes. &nbsp; Durante esta residencia, Caio Fac\u00f3 asesorar\u00e1 art\u00edsticamente a [&hellip;]<\/p>\n","protected":false},"author":7,"featured_media":21477,"comment_status":"closed","ping_status":"closed","sticky":false,"template":"","format":"standard","meta":{"footnotes":""},"categories":[53],"tags":[],"class_list":["post-21476","post","type-post","status-publish","format-standard","has-post-thumbnail","hentry","category-noticias-generales"],"lang":"es","translations":{"es":21476,"pt":21479},"pll_sync_post":[],"post_mailing_queue_ids":[],"_links":{"self":[{"href":"http:\/\/staging.ibermusicas.org\/index.php\/wp-json\/wp\/v2\/posts\/21476","targetHints":{"allow":["GET"]}}],"collection":[{"href":"http:\/\/staging.ibermusicas.org\/index.php\/wp-json\/wp\/v2\/posts"}],"about":[{"href":"http:\/\/staging.ibermusicas.org\/index.php\/wp-json\/wp\/v2\/types\/post"}],"author":[{"embeddable":true,"href":"http:\/\/staging.ibermusicas.org\/index.php\/wp-json\/wp\/v2\/users\/7"}],"replies":[{"embeddable":true,"href":"http:\/\/staging.ibermusicas.org\/index.php\/wp-json\/wp\/v2\/comments?post=21476"}],"version-history":[{"count":1,"href":"http:\/\/staging.ibermusicas.org\/index.php\/wp-json\/wp\/v2\/posts\/21476\/revisions"}],"predecessor-version":[{"id":21478,"href":"http:\/\/staging.ibermusicas.org\/index.php\/wp-json\/wp\/v2\/posts\/21476\/revisions\/21478"}],"wp:featuredmedia":[{"embeddable":true,"href":"http:\/\/staging.ibermusicas.org\/index.php\/wp-json\/wp\/v2\/media\/21477"}],"wp:attachment":[{"href":"http:\/\/staging.ibermusicas.org\/index.php\/wp-json\/wp\/v2\/media?parent=21476"}],"wp:term":[{"taxonomy":"category","embeddable":true,"href":"http:\/\/staging.ibermusicas.org\/index.php\/wp-json\/wp\/v2\/categories?post=21476"},{"taxonomy":"post_tag","embeddable":true,"href":"http:\/\/staging.ibermusicas.org\/index.php\/wp-json\/wp\/v2\/tags?post=21476"}],"curies":[{"name":"wp","href":"https:\/\/api.w.org\/{rel}","templated":true}]}}