{"id":21479,"date":"2025-01-29T18:42:45","date_gmt":"2025-01-29T18:42:45","guid":{"rendered":"http:\/\/staging.ibermusicas.org\/?p=21479"},"modified":"2025-02-27T16:38:27","modified_gmt":"2025-02-27T16:38:27","slug":"o-compositor-brasileiro-caio-faco-inicia-sua-residencia-criativa-em-portugal","status":"publish","type":"post","link":"http:\/\/staging.ibermusicas.org\/index.php\/o-compositor-brasileiro-caio-faco-inicia-sua-residencia-criativa-em-portugal\/","title":{"rendered":"O compositor brasileiro Caio Fac\u00f3 inicia sua resid\u00eancia criativa em Portugal"},"content":{"rendered":"<p>A resid\u00eancia de Caio Fac\u00f3 em Paredes, Portugal contar\u00e1 com concertos e grava\u00e7\u00f5es de uma nova obra para clarone solo e de uma nova obra para Clarone e Quarteto de Cordas. Al\u00e9m disso, o compositor ministrar\u00e1 uma masterclass de composi\u00e7\u00e3o para jovens compositores no Conservat\u00f3rio de Paredes.<\/p>\n<p>&nbsp;<\/p>\n<p>Durante esta resid\u00eancia, Caio Fac\u00f3 prestar\u00e1 uma consultoria art\u00edstica a Frederic Cardoso, na grava\u00e7\u00e3o de um \u00e1lbum para clarone solo com obras de compositores brasileiros (Germ\u00e1n Gras, Lauro Pecktor, Fernando Emboaba, Bruno Angelo, Harry Crowl e Levy Oliveira).<\/p>\n<p>&nbsp;<\/p>\n<p>Caio Fac\u00f3 (Brasil, 1992) \u00e9 um compositor reconhecido internacionalmente, ganhador de in\u00fameros pr\u00eamios e encomendas, cujo cat\u00e1logo de obras abrange desde m\u00fasica solo at\u00e9 m\u00fasica orquestral de grande porte. Seu trabalho tem sido associado a movimentos anticolonialistas e a quest\u00f5es do Sul Global.<\/p>\n<p>&nbsp;<\/p>\n<p>Sua m\u00fasica foi executada pela Orquestra Sinf\u00f4nica de S\u00e3o Paulo (Brasil), International Contemporary Ensemble (EUA), Voxes Contempor\u00e1nea (Argentina), Orquestra Filarm\u00f4nica de Minas Gerais (Brasil), Mivos Quartet (EUA), Ensemble CEPROMUSIC (M\u00e9xico); e pelos artistas Emmanuel Pahud (Su\u00ed\u00e7a), Jiajia Li (China), Emmanuele Baldini (It\u00e1lia), Erzhan Kulibaev (Espanha). Ele tamb\u00e9m trabalhou com a Orquestra de C\u00e2mara de Valdivia (Chile) e com o Ensemble MPMP (Portugal) como compositor residente e foi bolsista do Iberm\u00fasica.<\/p>\n<p>&nbsp;<\/p>\n<p>Fac\u00f3 foi o primeiro Compositor Convidado do Quarteto de Cordas da OSESP e recebeu pr\u00eamios em concursos internacionais, como o Concurso da Orquestra Metropolitana de Lisboa (Portugal), o Festival Bienal de M\u00fasica Contempor\u00e2nea Brasileira, o Concurso Internacional de Compositores (B\u00f3snia e Herzegovina) e, por tr\u00eas anos consecutivos, foi premiado no Festival Tinta Fresca (o mais importante concurso de composi\u00e7\u00e3o do Brasil).<\/p>\n<p>&nbsp;<\/p>\n<p>Fac\u00f3 obteve seus diplomas de p\u00f3s-gradua\u00e7\u00e3o na Universidade Federal do Rio Grande do Sul: Doutorado &#8211; 2022; Mestrado &#8211; 2018. Atualmente, reside no Bahrein, onde trabalha como professor de m\u00fasica na Bahrain Polytechnic.<\/p>\n<p>&nbsp;<\/p>\n<p>Esta resid\u00eancia de Caio Fac\u00f3 \u00e9 poss\u00edvel gra\u00e7as ao apoio do Programa Iberm\u00fasicas.<\/p>\n","protected":false},"excerpt":{"rendered":"<p>A resid\u00eancia de Caio Fac\u00f3 em Paredes, Portugal contar\u00e1 com concertos e grava\u00e7\u00f5es de uma nova obra para clarone solo e de uma nova obra para Clarone e Quarteto de Cordas. Al\u00e9m disso, o compositor ministrar\u00e1 uma masterclass de composi\u00e7\u00e3o para jovens compositores no Conservat\u00f3rio de Paredes. &nbsp; Durante esta resid\u00eancia, Caio Fac\u00f3 prestar\u00e1 uma [&hellip;]<\/p>\n","protected":false},"author":7,"featured_media":21477,"comment_status":"closed","ping_status":"closed","sticky":false,"template":"","format":"standard","meta":{"footnotes":""},"categories":[218],"tags":[],"class_list":["post-21479","post","type-post","status-publish","format-standard","has-post-thumbnail","hentry","category-noticias-generales-pt"],"lang":"pt","translations":{"pt":21479,"es":21476},"pll_sync_post":[],"post_mailing_queue_ids":[],"_links":{"self":[{"href":"http:\/\/staging.ibermusicas.org\/index.php\/wp-json\/wp\/v2\/posts\/21479","targetHints":{"allow":["GET"]}}],"collection":[{"href":"http:\/\/staging.ibermusicas.org\/index.php\/wp-json\/wp\/v2\/posts"}],"about":[{"href":"http:\/\/staging.ibermusicas.org\/index.php\/wp-json\/wp\/v2\/types\/post"}],"author":[{"embeddable":true,"href":"http:\/\/staging.ibermusicas.org\/index.php\/wp-json\/wp\/v2\/users\/7"}],"replies":[{"embeddable":true,"href":"http:\/\/staging.ibermusicas.org\/index.php\/wp-json\/wp\/v2\/comments?post=21479"}],"version-history":[{"count":1,"href":"http:\/\/staging.ibermusicas.org\/index.php\/wp-json\/wp\/v2\/posts\/21479\/revisions"}],"predecessor-version":[{"id":21480,"href":"http:\/\/staging.ibermusicas.org\/index.php\/wp-json\/wp\/v2\/posts\/21479\/revisions\/21480"}],"wp:featuredmedia":[{"embeddable":true,"href":"http:\/\/staging.ibermusicas.org\/index.php\/wp-json\/wp\/v2\/media\/21477"}],"wp:attachment":[{"href":"http:\/\/staging.ibermusicas.org\/index.php\/wp-json\/wp\/v2\/media?parent=21479"}],"wp:term":[{"taxonomy":"category","embeddable":true,"href":"http:\/\/staging.ibermusicas.org\/index.php\/wp-json\/wp\/v2\/categories?post=21479"},{"taxonomy":"post_tag","embeddable":true,"href":"http:\/\/staging.ibermusicas.org\/index.php\/wp-json\/wp\/v2\/tags?post=21479"}],"curies":[{"name":"wp","href":"https:\/\/api.w.org\/{rel}","templated":true}]}}