{"id":21484,"date":"2025-01-29T18:46:26","date_gmt":"2025-01-29T18:46:26","guid":{"rendered":"http:\/\/staging.ibermusicas.org\/?p=21484"},"modified":"2025-02-27T16:38:21","modified_gmt":"2025-02-27T16:38:21","slug":"festival-terra-do-rap-volta-ao-rio-de-janeiro-no-verao-2025-2","status":"publish","type":"post","link":"http:\/\/staging.ibermusicas.org\/index.php\/festival-terra-do-rap-volta-ao-rio-de-janeiro-no-verao-2025-2\/","title":{"rendered":"Festival Terra do Rap volta ao Rio de Janeiro no ver\u00e3o 2025"},"content":{"rendered":"<p>Celebrando a l\u00edngua portuguesa, a cultura urbana e a contracoloniza\u00e7\u00e3o, Terra do Rap ter\u00e1 a\u00e7\u00f5es em diferentes pontos da cidade do Rio de Janeiro.<\/p>\n<p>&nbsp;<\/p>\n<p>Em 2025 o Terra do Rap comemora 12 anos de resist\u00eancia como \u00fanico festival de cultura urbana em l\u00edngua portuguesa, e vai mapear o sub\u00farbio carioca, junto com o projeto \u00abMeu Bairro, Minha L\u00edngua\u00bb, entre shows, batalhas de MC\u2019s, interven\u00e7\u00f5es art\u00edsticas e processos de forma\u00e7\u00e3o, ser\u00e3o mais de uma dezena<\/p>\n<p>de atividades gratuitas e interven\u00e7\u00f5es nas Zonas Norte, Oeste e Centro do Rio de Janeiro, propondo uma programa\u00e7\u00e3o alternativa durante a esta\u00e7\u00e3o mais quente do ano.<\/p>\n<p>&nbsp;<\/p>\n<p>Iniciativa da incubadora de culturas de rua Reprodutora (Ritmo E Poesia Produtora), e idealizado pelo rapper e produtor Vin\u00edcius Terra, o Terra do Rap 2025 acontece junto a Caravana \u00abMeu Bairro, Minha L\u00edngua\u00bb e as grava\u00e7\u00f5es da segunda temporada da s\u00e9rie de mesmo nome para a plataforma Globoplay, unindo diferentes projetos de reconex\u00e3o entre os pa\u00edses de l\u00edngua portuguesa atrav\u00e9s das est\u00e9ticas da cultura urbana, celebrando o \u00abver\u00e3o da contracoloniza\u00e7\u00e3o\u00bb.<\/p>\n<p>&nbsp;<\/p>\n<p>O \u00abVer\u00e3o no Errejota\u00bb ser\u00e1 um ver\u00e3o urbano e de valoriza\u00e7\u00e3o das express\u00f5es art\u00edsticas de uma regi\u00e3o potente e determinante na cultura da cidade. Vai reunir m\u00faltiplas a\u00e7\u00f5es em diferentes datas, juntando mentorias e imers\u00f5es para novos artistas, batalhas de MCs, shows, arte urbana e a Caravana \u201cMeu Bairro Minha L\u00edngua\u201d.<\/p>\n<p>&nbsp;<\/p>\n<p>O Projeto apresentado pelo Festival Terra do Rap, foi selecionado na linha de \u201cApoio \u00e0 programa\u00e7\u00e3o musical\u201d do Programa Iberm\u00fasicas para o convite dos artistas portugueses Tristany Mundu, Ant\u00f3nio Brito Guterres e Mynda Guevara.<\/p>\n<p>&nbsp;<\/p>\n<ul>\n<li>15 e 16 de fevereiro: Festival Terra do Rap na Arena Carioca Jovelina P\u00e9rola Negra, Pavuna, Rio de Janeiro, Brasil<\/li>\n<\/ul>\n","protected":false},"excerpt":{"rendered":"<p>Celebrando a l\u00edngua portuguesa, a cultura urbana e a contracoloniza\u00e7\u00e3o, Terra do Rap ter\u00e1 a\u00e7\u00f5es em diferentes pontos da cidade do Rio de Janeiro. &nbsp; Em 2025 o Terra do Rap comemora 12 anos de resist\u00eancia como \u00fanico festival de cultura urbana em l\u00edngua portuguesa, e vai mapear o sub\u00farbio carioca, junto com o projeto [&hellip;]<\/p>\n","protected":false},"author":7,"featured_media":21482,"comment_status":"closed","ping_status":"closed","sticky":false,"template":"","format":"standard","meta":{"footnotes":""},"categories":[218],"tags":[],"class_list":["post-21484","post","type-post","status-publish","format-standard","has-post-thumbnail","hentry","category-noticias-generales-pt"],"lang":"pt","translations":{"pt":21484,"es":21481},"pll_sync_post":[],"post_mailing_queue_ids":[],"_links":{"self":[{"href":"http:\/\/staging.ibermusicas.org\/index.php\/wp-json\/wp\/v2\/posts\/21484","targetHints":{"allow":["GET"]}}],"collection":[{"href":"http:\/\/staging.ibermusicas.org\/index.php\/wp-json\/wp\/v2\/posts"}],"about":[{"href":"http:\/\/staging.ibermusicas.org\/index.php\/wp-json\/wp\/v2\/types\/post"}],"author":[{"embeddable":true,"href":"http:\/\/staging.ibermusicas.org\/index.php\/wp-json\/wp\/v2\/users\/7"}],"replies":[{"embeddable":true,"href":"http:\/\/staging.ibermusicas.org\/index.php\/wp-json\/wp\/v2\/comments?post=21484"}],"version-history":[{"count":1,"href":"http:\/\/staging.ibermusicas.org\/index.php\/wp-json\/wp\/v2\/posts\/21484\/revisions"}],"predecessor-version":[{"id":21485,"href":"http:\/\/staging.ibermusicas.org\/index.php\/wp-json\/wp\/v2\/posts\/21484\/revisions\/21485"}],"wp:featuredmedia":[{"embeddable":true,"href":"http:\/\/staging.ibermusicas.org\/index.php\/wp-json\/wp\/v2\/media\/21482"}],"wp:attachment":[{"href":"http:\/\/staging.ibermusicas.org\/index.php\/wp-json\/wp\/v2\/media?parent=21484"}],"wp:term":[{"taxonomy":"category","embeddable":true,"href":"http:\/\/staging.ibermusicas.org\/index.php\/wp-json\/wp\/v2\/categories?post=21484"},{"taxonomy":"post_tag","embeddable":true,"href":"http:\/\/staging.ibermusicas.org\/index.php\/wp-json\/wp\/v2\/tags?post=21484"}],"curies":[{"name":"wp","href":"https:\/\/api.w.org\/{rel}","templated":true}]}}