{"id":21486,"date":"2025-01-29T18:51:57","date_gmt":"2025-01-29T18:51:57","guid":{"rendered":"http:\/\/staging.ibermusicas.org\/?p=21486"},"modified":"2025-02-27T16:26:02","modified_gmt":"2025-02-27T16:26:02","slug":"la-negra-mexa-de-mexico-inicia-su-residencia-afrocumbiando-la-vida-en-colombia","status":"publish","type":"post","link":"http:\/\/staging.ibermusicas.org\/index.php\/la-negra-mexa-de-mexico-inicia-su-residencia-afrocumbiando-la-vida-en-colombia\/","title":{"rendered":"La Negra MeXa de M\u00e9xico inicia su residencia \u201cAfroCumbiando la Vida\u201d en Colombia"},"content":{"rendered":"<p>El proyecto de La Negra MeXa consiste en realizar una estancia de residencia con tres maestros acordeoneros tradicionales del caribe colombiano para la especializaci\u00f3n y perfeccionamiento del acorde\u00f3n diat\u00f3nico. Esta residencia se enfocar\u00e1 en abordar los ritmos y g\u00e9neros pertenecientes a las m\u00fasicas de acorde\u00f3n tradicionales de esta regi\u00f3n como son la Cumbia, el Porro y el Vallenato. Dichos talleres se llevar\u00e1n a cabo en Valledupar, Cesar y en San Jacinto, Bol\u00edvar en Colombia. Esta especializaci\u00f3n consta de talleres personalizados, donde se abordar\u00e1n las t\u00e9cnicas de ejecuci\u00f3n, interpretaci\u00f3n, arreglos y composici\u00f3n.<\/p>\n<p>&nbsp;<\/p>\n<p>Los talleres &#8211; residencias se realizar\u00e1n con los maestros Carmelo Torres y Yeison Landero en San Jacinto y con el maestro Andr\u00e9s \u201cel Turco\u201d Gil en Valledupar desde el mes de mayo al mes de agosto del 2025.<\/p>\n<p>&nbsp;<\/p>\n<p>Finalmente se realizar\u00e1 la grabaci\u00f3n con el productor Juan Manuel Pacheco de un EP resultante de este proceso que ser\u00e1 presentado en concierto tanto en Colombia como en M\u00e9xico.<\/p>\n<p>&nbsp;<\/p>\n<p>Acordeonista y rapera, La Negra MeXa realiz\u00f3 su formaci\u00f3n musical en la Escuela de M\u00fasica Tradicional Mexicana y la Escuela de M\u00fasica Vallenata de Colombia. Ha formado parte de grupos como \u201cRevuelta de las Semillas\u201d, \u201cMecapal\u201d y actualmente forma parte del colectivo \u201cCorroncha Son\u201d con quien se ha presentado en diversos escenarios nacionales e internacionales en M\u00e9xico, Espa\u00f1a, Francia, Italia, Suiza, Londres y Brasil. Realiza diversas colaboraciones con m\u00fasicos y agrupaciones en M\u00e9xico y Colombia. Fue becaria de los Programas Fomento a Proyectos Culturales y de Coinversi\u00f3n 2017, del FONCA, M\u00e9xico, Residencia Art\u00edsticas 2019 del FONCA-Ministerios de Cultura, M\u00e9xico-Colombia y Programa de Reciprocidad para Extranjeros 2019-2021.<\/p>\n<p>Este nuevo proyecto de La Negra MeXa ha sido premiado por Iberm\u00fasicas en la l\u00ednea de \u201cAyuda a la especializaci\u00f3n y el perfeccionamiento art\u00edstico y t\u00e9cnico\u201d, convocatoria 2024.<\/p>\n","protected":false},"excerpt":{"rendered":"<p>El proyecto de La Negra MeXa consiste en realizar una estancia de residencia con tres maestros acordeoneros tradicionales del caribe colombiano para la especializaci\u00f3n y perfeccionamiento del acorde\u00f3n diat\u00f3nico. Esta residencia se enfocar\u00e1 en abordar los ritmos y g\u00e9neros pertenecientes a las m\u00fasicas de acorde\u00f3n tradicionales de esta regi\u00f3n como son la Cumbia, el Porro [&hellip;]<\/p>\n","protected":false},"author":7,"featured_media":21487,"comment_status":"closed","ping_status":"closed","sticky":false,"template":"","format":"standard","meta":{"footnotes":""},"categories":[53],"tags":[],"class_list":["post-21486","post","type-post","status-publish","format-standard","has-post-thumbnail","hentry","category-noticias-generales"],"lang":"es","translations":{"es":21486,"pt":21489},"pll_sync_post":[],"post_mailing_queue_ids":[],"_links":{"self":[{"href":"http:\/\/staging.ibermusicas.org\/index.php\/wp-json\/wp\/v2\/posts\/21486","targetHints":{"allow":["GET"]}}],"collection":[{"href":"http:\/\/staging.ibermusicas.org\/index.php\/wp-json\/wp\/v2\/posts"}],"about":[{"href":"http:\/\/staging.ibermusicas.org\/index.php\/wp-json\/wp\/v2\/types\/post"}],"author":[{"embeddable":true,"href":"http:\/\/staging.ibermusicas.org\/index.php\/wp-json\/wp\/v2\/users\/7"}],"replies":[{"embeddable":true,"href":"http:\/\/staging.ibermusicas.org\/index.php\/wp-json\/wp\/v2\/comments?post=21486"}],"version-history":[{"count":1,"href":"http:\/\/staging.ibermusicas.org\/index.php\/wp-json\/wp\/v2\/posts\/21486\/revisions"}],"predecessor-version":[{"id":21488,"href":"http:\/\/staging.ibermusicas.org\/index.php\/wp-json\/wp\/v2\/posts\/21486\/revisions\/21488"}],"wp:featuredmedia":[{"embeddable":true,"href":"http:\/\/staging.ibermusicas.org\/index.php\/wp-json\/wp\/v2\/media\/21487"}],"wp:attachment":[{"href":"http:\/\/staging.ibermusicas.org\/index.php\/wp-json\/wp\/v2\/media?parent=21486"}],"wp:term":[{"taxonomy":"category","embeddable":true,"href":"http:\/\/staging.ibermusicas.org\/index.php\/wp-json\/wp\/v2\/categories?post=21486"},{"taxonomy":"post_tag","embeddable":true,"href":"http:\/\/staging.ibermusicas.org\/index.php\/wp-json\/wp\/v2\/tags?post=21486"}],"curies":[{"name":"wp","href":"https:\/\/api.w.org\/{rel}","templated":true}]}}