{"id":21489,"date":"2025-01-29T18:54:35","date_gmt":"2025-01-29T18:54:35","guid":{"rendered":"http:\/\/staging.ibermusicas.org\/?p=21489"},"modified":"2025-02-27T16:38:15","modified_gmt":"2025-02-27T16:38:15","slug":"la-negra-mexa-do-mexico-inicia-sua-residencia-afrocumbiando-la-vida-na-colombia","status":"publish","type":"post","link":"http:\/\/staging.ibermusicas.org\/index.php\/la-negra-mexa-do-mexico-inicia-sua-residencia-afrocumbiando-la-vida-na-colombia\/","title":{"rendered":"La Negra MeXa, do M\u00e9xico, inicia sua resid\u00eancia \u201cAfroCumbiando la Vida\u201d na Col\u00f4mbia"},"content":{"rendered":"<p>O projeto de La Negra MeXa consiste em uma resid\u00eancia com tr\u00eas mestres do acorde\u00e3o tradicional do Caribe colombiano para se especializar e aperfei\u00e7oar no acorde\u00e3o diat\u00f4nico. Essa resid\u00eancia se concentrar\u00e1 nos ritmos e g\u00eaneros pertencentes \u00e0 m\u00fasica tradicional de acorde\u00e3o dessa regi\u00e3o, como Cumbia, Porro e Vallenato. Essas oficinas ser\u00e3o realizadas em Valledupar, Cesar e San Jacinto, Bol\u00edvar, na Col\u00f4mbia. Essa especializa\u00e7\u00e3o consiste em workshops personalizados, nos quais ser\u00e3o abordadas t\u00e9cnicas de performance, interpreta\u00e7\u00e3o, arranjos e composi\u00e7\u00e3o.<\/p>\n<p>&nbsp;<\/p>\n<p>As oficinas-resid\u00eancias ser\u00e3o realizadas com os mestres Carmelo Torres e Yeison Landero em San Jacinto e com o mestre Andr\u00e9s \u201cel Turco\u201d Gil em Valledupar de maio a agosto de 2025.<\/p>\n<p>&nbsp;<\/p>\n<p>Por fim, como resultado desse processo, ser\u00e1 gravado um EP com o produtor Juan Manuel Pacheco, que ser\u00e1 apresentado em shows na Col\u00f4mbia e no M\u00e9xico.<\/p>\n<p>&nbsp;<\/p>\n<p>Acordeonista e rapper, La Negra MeXa recebeu sua forma\u00e7\u00e3o musical na Escuela de M\u00fasica Tradicional Mexicana e na Escuela de M\u00fasica Vallenata de Colombia. Ela fez parte de grupos como \u201cRevuelta de las Semillas\u201d, \u201cMecapal\u201d e atualmente faz parte do coletivo \u201cCorroncha Son\u201d, com o qual se apresentou em v\u00e1rios palcos nacionais e internacionais no M\u00e9xico, Espanha, Fran\u00e7a, It\u00e1lia, Su\u00ed\u00e7a, Londres e Brasil. Colaborou com m\u00fasicos e grupos no M\u00e9xico e na Col\u00f4mbia. Recebeu uma bolsa do FONCA, Fomento a Projetos Culturais e de Co-investimento do M\u00e9xico 2017, FONCA-Minist\u00e9rios da Cultura, Resid\u00eancia Art\u00edstica M\u00e9xico-Col\u00f4mbia 2019 e Programa de Reciprocidade para Estrangeiros 2019-2021.<\/p>\n<p>&nbsp;<\/p>\n<p>Este novo projeto de La Negra MeXa foi premiado pelo Programa Iberm\u00fasicas na linha de \u201cApoio \u00e0 especializa\u00e7\u00e3o e aperfei\u00e7oamento art\u00edstico e t\u00e9cnico\u201d, chamada 2024.<\/p>\n","protected":false},"excerpt":{"rendered":"<p>O projeto de La Negra MeXa consiste em uma resid\u00eancia com tr\u00eas mestres do acorde\u00e3o tradicional do Caribe colombiano para se especializar e aperfei\u00e7oar no acorde\u00e3o diat\u00f4nico. Essa resid\u00eancia se concentrar\u00e1 nos ritmos e g\u00eaneros pertencentes \u00e0 m\u00fasica tradicional de acorde\u00e3o dessa regi\u00e3o, como Cumbia, Porro e Vallenato. Essas oficinas ser\u00e3o realizadas em Valledupar, Cesar [&hellip;]<\/p>\n","protected":false},"author":7,"featured_media":21487,"comment_status":"closed","ping_status":"closed","sticky":false,"template":"","format":"standard","meta":{"footnotes":""},"categories":[218],"tags":[],"class_list":["post-21489","post","type-post","status-publish","format-standard","has-post-thumbnail","hentry","category-noticias-generales-pt"],"lang":"pt","translations":{"pt":21489,"es":21486},"pll_sync_post":[],"post_mailing_queue_ids":[],"_links":{"self":[{"href":"http:\/\/staging.ibermusicas.org\/index.php\/wp-json\/wp\/v2\/posts\/21489","targetHints":{"allow":["GET"]}}],"collection":[{"href":"http:\/\/staging.ibermusicas.org\/index.php\/wp-json\/wp\/v2\/posts"}],"about":[{"href":"http:\/\/staging.ibermusicas.org\/index.php\/wp-json\/wp\/v2\/types\/post"}],"author":[{"embeddable":true,"href":"http:\/\/staging.ibermusicas.org\/index.php\/wp-json\/wp\/v2\/users\/7"}],"replies":[{"embeddable":true,"href":"http:\/\/staging.ibermusicas.org\/index.php\/wp-json\/wp\/v2\/comments?post=21489"}],"version-history":[{"count":1,"href":"http:\/\/staging.ibermusicas.org\/index.php\/wp-json\/wp\/v2\/posts\/21489\/revisions"}],"predecessor-version":[{"id":21490,"href":"http:\/\/staging.ibermusicas.org\/index.php\/wp-json\/wp\/v2\/posts\/21489\/revisions\/21490"}],"wp:featuredmedia":[{"embeddable":true,"href":"http:\/\/staging.ibermusicas.org\/index.php\/wp-json\/wp\/v2\/media\/21487"}],"wp:attachment":[{"href":"http:\/\/staging.ibermusicas.org\/index.php\/wp-json\/wp\/v2\/media?parent=21489"}],"wp:term":[{"taxonomy":"category","embeddable":true,"href":"http:\/\/staging.ibermusicas.org\/index.php\/wp-json\/wp\/v2\/categories?post=21489"},{"taxonomy":"post_tag","embeddable":true,"href":"http:\/\/staging.ibermusicas.org\/index.php\/wp-json\/wp\/v2\/tags?post=21489"}],"curies":[{"name":"wp","href":"https:\/\/api.w.org\/{rel}","templated":true}]}}