{"id":21491,"date":"2025-01-29T18:56:30","date_gmt":"2025-01-29T18:56:30","guid":{"rendered":"http:\/\/staging.ibermusicas.org\/?p=21491"},"modified":"2025-01-29T18:56:30","modified_gmt":"2025-01-29T18:56:30","slug":"comienza-la-residencia-del-compositor-igor-maia-con-el-quasars-ensemble-de-eslovaquia","status":"publish","type":"post","link":"http:\/\/staging.ibermusicas.org\/index.php\/comienza-la-residencia-del-compositor-igor-maia-con-el-quasars-ensemble-de-eslovaquia\/","title":{"rendered":"Comienza la residencia del compositor Igor Maia con el Quasars Ensemble de Eslovaquia"},"content":{"rendered":"<p>El proyecto consiste en una residencia art\u00edstica de tres semanas con el Quasars Ensemble. Durante este periodo, Igor Maia compondr\u00e1 una nueva obra titulada \u201cTempo, Terra, Trama\u201d para un conjunto de ocho m\u00fasicos. La nueva obra se centrar\u00e1 en el concepto del tiempo, explorando enfoques amerindios, reflexionando sobre la relatividad y el paso del tiempo. La obra se estrenar\u00e1 en un concierto en el Peque\u00f1o Estudio de Conciertos de la Radio Eslovaca. Adem\u00e1s, el compositor dar\u00e1 una conferencia y un taller en la Academia de Artes Esc\u00e9nicas de Bratislava.<\/p>\n<p>&nbsp;<\/p>\n<p>Igor Maia: compositor y director de orquesta nacido en Campinas (1988), es profesor adjunto de composici\u00f3n en la UFMG desde 2019. Es doctor en composici\u00f3n por el King&#8217;s College de Londres (Inglaterra). Premiado en varios concursos, sus obras han sido interpretadas en festivales y conciertos en Europa, Am\u00e9rica y Jap\u00f3n.<\/p>\n<p>&nbsp;<\/p>\n<p>Quasars Ensemble: fundado en 2008, este grupo eslovaco es reconocido por su programaci\u00f3n innovadora, que combina m\u00fasica cl\u00e1sica contempor\u00e1nea con obras poco comunes de \u00e9pocas pasadas. Conocido por valorizar a los compositores eslovacos y colaborar con compositores de renombre, el conjunto ha actuado en diversos festivales como el Oto\u00f1o de Varsovia y el Ostrava Days, as\u00ed como en lugares emblem\u00e1ticos como Flagey en Bruselas y Gasteig en M\u00fanich.<\/p>\n<p>&nbsp;<\/p>\n<ul>\n<li>17 de febrero al 9 de marzo: Residencia Quasars Ensemble, Bratislava, Eslovaquia<\/li>\n<li>5 de marzo: concierto con Quasars Ensemble en la Sala de Conciertos de la Radio Eslovaca, Bratislava, Eslovaquia<\/li>\n<\/ul>\n","protected":false},"excerpt":{"rendered":"<p>El proyecto consiste en una residencia art\u00edstica de tres semanas con el Quasars Ensemble. Durante este periodo, Igor Maia compondr\u00e1 una nueva obra titulada \u201cTempo, Terra, Trama\u201d para un conjunto de ocho m\u00fasicos. La nueva obra se centrar\u00e1 en el concepto del tiempo, explorando enfoques amerindios, reflexionando sobre la relatividad y el paso del tiempo. [&hellip;]<\/p>\n","protected":false},"author":7,"featured_media":21492,"comment_status":"closed","ping_status":"closed","sticky":false,"template":"","format":"standard","meta":{"footnotes":""},"categories":[53],"tags":[],"class_list":["post-21491","post","type-post","status-publish","format-standard","has-post-thumbnail","hentry","category-noticias-generales"],"lang":"es","translations":{"es":21491,"pt":21494},"pll_sync_post":[],"post_mailing_queue_ids":[],"_links":{"self":[{"href":"http:\/\/staging.ibermusicas.org\/index.php\/wp-json\/wp\/v2\/posts\/21491","targetHints":{"allow":["GET"]}}],"collection":[{"href":"http:\/\/staging.ibermusicas.org\/index.php\/wp-json\/wp\/v2\/posts"}],"about":[{"href":"http:\/\/staging.ibermusicas.org\/index.php\/wp-json\/wp\/v2\/types\/post"}],"author":[{"embeddable":true,"href":"http:\/\/staging.ibermusicas.org\/index.php\/wp-json\/wp\/v2\/users\/7"}],"replies":[{"embeddable":true,"href":"http:\/\/staging.ibermusicas.org\/index.php\/wp-json\/wp\/v2\/comments?post=21491"}],"version-history":[{"count":1,"href":"http:\/\/staging.ibermusicas.org\/index.php\/wp-json\/wp\/v2\/posts\/21491\/revisions"}],"predecessor-version":[{"id":21493,"href":"http:\/\/staging.ibermusicas.org\/index.php\/wp-json\/wp\/v2\/posts\/21491\/revisions\/21493"}],"wp:featuredmedia":[{"embeddable":true,"href":"http:\/\/staging.ibermusicas.org\/index.php\/wp-json\/wp\/v2\/media\/21492"}],"wp:attachment":[{"href":"http:\/\/staging.ibermusicas.org\/index.php\/wp-json\/wp\/v2\/media?parent=21491"}],"wp:term":[{"taxonomy":"category","embeddable":true,"href":"http:\/\/staging.ibermusicas.org\/index.php\/wp-json\/wp\/v2\/categories?post=21491"},{"taxonomy":"post_tag","embeddable":true,"href":"http:\/\/staging.ibermusicas.org\/index.php\/wp-json\/wp\/v2\/tags?post=21491"}],"curies":[{"name":"wp","href":"https:\/\/api.w.org\/{rel}","templated":true}]}}