{"id":21496,"date":"2025-01-29T18:59:54","date_gmt":"2025-01-29T18:59:54","guid":{"rendered":"http:\/\/staging.ibermusicas.org\/?p=21496"},"modified":"2025-02-27T16:25:54","modified_gmt":"2025-02-27T16:25:54","slug":"el-programa-tango-para-musicos-abre-su-convocatoria-a-inscripciones-para-sus-clases-intensivas-en-bogota-colombia","status":"publish","type":"post","link":"http:\/\/staging.ibermusicas.org\/index.php\/el-programa-tango-para-musicos-abre-su-convocatoria-a-inscripciones-para-sus-clases-intensivas-en-bogota-colombia\/","title":{"rendered":"El programa \u201cTango para m\u00fasicos\u201d abre su convocatoria a inscripciones para sus clases intensivas en Bogot\u00e1, Colombia"},"content":{"rendered":"<p>Entre el 16 y el 21 de junio Bogot\u00e1 vibrar\u00e1 al ritmo del tango. Tango para M\u00fasicos es un programa de formaci\u00f3n que est\u00e1 pensado para m\u00fasicos, ensambles, arregladores y compositores de todos los niveles que deseen perfeccionar su arte y conectar con la comunidad tanguera internacional.<\/p>\n<p>&nbsp;<\/p>\n<p>Contar\u00e1 con clases intensivas durante una semana en la Universidad de los Andes, en Bogot\u00e1, con los destacados maestros argentinos Paulina Fain, Exequiel Mantega, Pablo Jaurena, Ignacio Varchausky, Sebasti\u00e1n Henr\u00edquez, Guillermo Rubino. Juan Villarreal y con el bandoneonista colombiano Giovanni Parra.<\/p>\n<p>&nbsp;<\/p>\n<p>Este proyecto ha sido premiado por Iberm\u00fasicas en su l\u00ednea de \u201cAyuda a la programaci\u00f3n musical\u201d, convocatoria 2024.<\/p>\n<p>&nbsp;<\/p>\n<ul>\n<li>M\u00e1s informaci\u00f3n en <a href=\"https:\/\/musica.uniandes.edu.co\/tango\/\">https:\/\/musica.uniandes.edu.co\/tango\/<\/a> y en <a href=\"mailto:tangoparamusicos@uniandes.edu.co\">tangoparamusicos@uniandes.edu.co<\/a><\/li>\n<\/ul>\n","protected":false},"excerpt":{"rendered":"<p>Entre el 16 y el 21 de junio Bogot\u00e1 vibrar\u00e1 al ritmo del tango. Tango para M\u00fasicos es un programa de formaci\u00f3n que est\u00e1 pensado para m\u00fasicos, ensambles, arregladores y compositores de todos los niveles que deseen perfeccionar su arte y conectar con la comunidad tanguera internacional. &nbsp; Contar\u00e1 con clases intensivas durante una semana [&hellip;]<\/p>\n","protected":false},"author":7,"featured_media":21497,"comment_status":"closed","ping_status":"closed","sticky":false,"template":"","format":"standard","meta":{"footnotes":""},"categories":[53],"tags":[],"class_list":["post-21496","post","type-post","status-publish","format-standard","has-post-thumbnail","hentry","category-noticias-generales"],"lang":"es","translations":{"es":21496,"pt":21499},"pll_sync_post":[],"post_mailing_queue_ids":[],"_links":{"self":[{"href":"http:\/\/staging.ibermusicas.org\/index.php\/wp-json\/wp\/v2\/posts\/21496","targetHints":{"allow":["GET"]}}],"collection":[{"href":"http:\/\/staging.ibermusicas.org\/index.php\/wp-json\/wp\/v2\/posts"}],"about":[{"href":"http:\/\/staging.ibermusicas.org\/index.php\/wp-json\/wp\/v2\/types\/post"}],"author":[{"embeddable":true,"href":"http:\/\/staging.ibermusicas.org\/index.php\/wp-json\/wp\/v2\/users\/7"}],"replies":[{"embeddable":true,"href":"http:\/\/staging.ibermusicas.org\/index.php\/wp-json\/wp\/v2\/comments?post=21496"}],"version-history":[{"count":1,"href":"http:\/\/staging.ibermusicas.org\/index.php\/wp-json\/wp\/v2\/posts\/21496\/revisions"}],"predecessor-version":[{"id":21498,"href":"http:\/\/staging.ibermusicas.org\/index.php\/wp-json\/wp\/v2\/posts\/21496\/revisions\/21498"}],"wp:featuredmedia":[{"embeddable":true,"href":"http:\/\/staging.ibermusicas.org\/index.php\/wp-json\/wp\/v2\/media\/21497"}],"wp:attachment":[{"href":"http:\/\/staging.ibermusicas.org\/index.php\/wp-json\/wp\/v2\/media?parent=21496"}],"wp:term":[{"taxonomy":"category","embeddable":true,"href":"http:\/\/staging.ibermusicas.org\/index.php\/wp-json\/wp\/v2\/categories?post=21496"},{"taxonomy":"post_tag","embeddable":true,"href":"http:\/\/staging.ibermusicas.org\/index.php\/wp-json\/wp\/v2\/tags?post=21496"}],"curies":[{"name":"wp","href":"https:\/\/api.w.org\/{rel}","templated":true}]}}