{"id":21603,"date":"2025-02-27T16:47:24","date_gmt":"2025-02-27T16:47:24","guid":{"rendered":"http:\/\/staging.ibermusicas.org\/?p=21603"},"modified":"2025-03-27T17:51:24","modified_gmt":"2025-03-27T17:51:24","slug":"el-compositor-argentino-lucas-querini-presenta-el-video-del-estreno-de-su-obra-fantasia-sinfonica-que-fuera-ganadora-del-premio-ibermusicas-en-homenaje-a-los-100-anos-de-la-cumparsita","status":"publish","type":"post","link":"http:\/\/staging.ibermusicas.org\/index.php\/el-compositor-argentino-lucas-querini-presenta-el-video-del-estreno-de-su-obra-fantasia-sinfonica-que-fuera-ganadora-del-premio-ibermusicas-en-homenaje-a-los-100-anos-de-la-cumparsita\/","title":{"rendered":"El compositor argentino Lucas Querini presenta el video del estreno de su obra Fantas\u00eda Sinf\u00f3nica, que fuera ganadora del Premio Iberm\u00fasicas en Homenaje a los 100 A\u00f1os de \u00abLa Cumparsita\u00bb"},"content":{"rendered":"<p>\u201cFantas\u00eda Sinf\u00f3nica: La historia del Tango\u201d es la obra de Lucas Querini que obtuvo el primer premio en el concurso iberoamericano de composici\u00f3n propuesto por Uruguay por medio de la CIATyC (Comisi\u00f3n Interministerial de Apoyo al Tango y al Candombe en Uruguay) de los Ministerios de Educaci\u00f3n y Cultura, Relaciones Exteriores y Turismo de dicho pa\u00eds junto al Programa Iberm\u00fasicas.<\/p>\n<p>&nbsp;<\/p>\n<p>Fantas\u00eda Sinf\u00f3nica es una obra inspirada en el vasto universo sonoro que ofrece el tango como m\u00fasica tradicional argentina. En un contexto sinf\u00f3nico que incluye al bandone\u00f3n como representante de este acervo cultural, la m\u00fasica toma vuelo evocando los gestos t\u00edpicos, los paisajes, personajes, int\u00e9rpretes, compositores y poetas que han nutrido a esta expresi\u00f3n art\u00edstica a lo largo de los a\u00f1os. Organizada en doce escenas, la obra discurre a partir de las variaciones de un tema principal que muta en cada una de ellas en funci\u00f3n del esp\u00edritu de cada evocaci\u00f3n.<\/p>\n<p>&nbsp;<\/p>\n<p>As\u00ed, la m\u00fasica nos transporta desde los paisajes gauchescos de la pampa hasta el suburbio porte\u00f1o, donde los ritmos de los afrodescendientes se mezclan con las m\u00fasicas europeas de la oleada inmigratoria de principios de siglo en una mixtura tan elegante como canyengue. El primer cl\u00edmax se logra recordando la edad de oro, en el bandone\u00f3n mayor de Buenos Aires An\u00edbal Troilo, en La Yumba de Osvaldo Pugliese y en el piano de Horacio Salg\u00e1n. Las \u00faltimas escenas est\u00e1n destinadas a homenajear las ideas del genio renovador de Astor Piazzolla, que luego reaparecen en la escena dedicada a la obra del contempor\u00e1neo Fernando Otero. La escena final es una oda vibrante dedicada a los miles de artistas que en estos tiempos gritan \u201c\u00a1Vuelve el Tango!\u201d, porque nunca se fue, porque siempre est\u00e1 llegando.<\/p>\n<p>&nbsp;<\/p>\n<p>Escena I: Cantor y Guitarra<\/p>\n<p>Escena II: Pampeana<\/p>\n<p>Escena III: Mate<\/p>\n<p>Escena IV: Toc\u00e1 Tang\u00f3<\/p>\n<p>Escena V: Valsecito<\/p>\n<p>Escena VI: Donde el barro se subleva\u2026<\/p>\n<p>Escena VII: Canyengue (a Anibal Troilo)<\/p>\n<p>Escena VIII: Yumba (a Osvaldo Pugliese)<\/p>\n<p>Escena IX: Revolucionario (a Astor Piazzolla)<\/p>\n<p>Escena X: Umpa-Umpa (a Horacio Salg\u00e1n)<\/p>\n<p>Escena XI: Tango X (a Fernando Otero)<\/p>\n<p>Escena XII: Vuelve el Tango (a la M\u00e1quina Tanguera)<\/p>\n<p>&nbsp;<\/p>\n<p>Fantas\u00eda Sinf\u00f3nica tuvo su estreno internacional en Bogot\u00e1, Colombia los d\u00edas 20 de abril en el Auditorio Fabio Lozano y 21 de abril en el Auditorio Le\u00f3n de Greiff por la Orquesta Sinf\u00f3nica Nacional de Colombia dirigida por el maestro Juan Pablo Valencia Heredia y con la participaci\u00f3n solista del bandoneonista Giovanni Parra. En julio del 2023 tuvo su estreno nacional realizado por la Orquesta Sinf\u00f3nica de Rosario, Argentina, dirigida por el maestro Javier M\u00e1s en el Teatro \u00abEl C\u00edrculo\u00bb de Rosario con la participaci\u00f3n solista del bandoneonista Danilo Cernotto.<\/p>\n<p>&nbsp;<\/p>\n<p>Lucas Querini es un pianista y compositor argentino. Radicado en la ciudad de Rosario, desarrolla una intensa labor musical como artista y docente, interes\u00e1ndose especialmente en vincular la tradici\u00f3n acad\u00e9mica con las m\u00fasicas de ra\u00edz folcl\u00f3rica de su pa\u00eds. Se form\u00f3 en piano y composici\u00f3n en la Universidad Nacional de Rosario y ha estudiado m\u00fasica popular con los principales referentes de Argentina y Brasil. Desarrolla una amplia actividad profesional vincul\u00e1ndose tanto con artistas de m\u00fasica popular como de m\u00fasica acad\u00e9mica. Ha realizado cinco giras internacionales, ofreciendo conciertos en Alemania, Francia, B\u00e9lgica, Holanda, Suiza, Dinamarca y Espa\u00f1a. Premiado en cert\u00e1menes nacionales e internacionales como compositor y arreglador, ha estrenado m\u00fasica con la Orquesta Sinf\u00f3nica Provincial de Rosario, la Orquesta Sinf\u00f3nica Provincial de Santa Fe, la Orquesta de C\u00e1mara Municipal de Rosario, la Orquesta Sinf\u00f3nica Juvenil Kayen de Tierra del Fuego y una gran cantidad de ensambles y formaciones del pa\u00eds y del exterior. Es docente titular de la c\u00e1tedra de Piano de la carrera M\u00fasica Popular en la Universidad Nacional del Litoral.<\/p>\n<p>https:\/\/www.youtube.com\/@LucasQuerini<\/p>\n<p><iframe loading=\"lazy\" title=\"Fantas\u00eda Sinf\u00f3nica: La Historia del Tango - Lucas Querini - Orquesta Sinf\u00f3nica Nacional de Colombia\" width=\"500\" height=\"281\" src=\"https:\/\/www.youtube.com\/embed\/SBYDrcQT5F4?feature=oembed\" frameborder=\"0\" allow=\"accelerometer; autoplay; clipboard-write; encrypted-media; gyroscope; picture-in-picture; web-share\" referrerpolicy=\"strict-origin-when-cross-origin\" allowfullscreen><\/iframe><\/p>\n<p><iframe loading=\"lazy\" title=\"Fantas\u00eda sinf\u00f3nica: La Historia del tango - Lucas Querini [2008] para bandone\u00f3n y orquesta\" width=\"500\" height=\"281\" src=\"https:\/\/www.youtube.com\/embed\/gHC9GQzb66g?feature=oembed\" frameborder=\"0\" allow=\"accelerometer; autoplay; clipboard-write; encrypted-media; gyroscope; picture-in-picture; web-share\" referrerpolicy=\"strict-origin-when-cross-origin\" allowfullscreen><\/iframe><\/p>\n<p>&nbsp;<\/p>\n<p>&nbsp;<\/p>\n","protected":false},"excerpt":{"rendered":"<p>\u201cFantas\u00eda Sinf\u00f3nica: La historia del Tango\u201d es la obra de Lucas Querini que obtuvo el primer premio en el concurso iberoamericano de composici\u00f3n propuesto por Uruguay por medio de la CIATyC (Comisi\u00f3n Interministerial de Apoyo al Tango y al Candombe en Uruguay) de los Ministerios de Educaci\u00f3n y Cultura, Relaciones Exteriores y Turismo de dicho [&hellip;]<\/p>\n","protected":false},"author":7,"featured_media":21604,"comment_status":"closed","ping_status":"closed","sticky":false,"template":"","format":"standard","meta":{"footnotes":""},"categories":[53],"tags":[],"class_list":["post-21603","post","type-post","status-publish","format-standard","has-post-thumbnail","hentry","category-noticias-generales"],"lang":"es","translations":{"es":21603},"pll_sync_post":[],"post_mailing_queue_ids":[],"_links":{"self":[{"href":"http:\/\/staging.ibermusicas.org\/index.php\/wp-json\/wp\/v2\/posts\/21603","targetHints":{"allow":["GET"]}}],"collection":[{"href":"http:\/\/staging.ibermusicas.org\/index.php\/wp-json\/wp\/v2\/posts"}],"about":[{"href":"http:\/\/staging.ibermusicas.org\/index.php\/wp-json\/wp\/v2\/types\/post"}],"author":[{"embeddable":true,"href":"http:\/\/staging.ibermusicas.org\/index.php\/wp-json\/wp\/v2\/users\/7"}],"replies":[{"embeddable":true,"href":"http:\/\/staging.ibermusicas.org\/index.php\/wp-json\/wp\/v2\/comments?post=21603"}],"version-history":[{"count":3,"href":"http:\/\/staging.ibermusicas.org\/index.php\/wp-json\/wp\/v2\/posts\/21603\/revisions"}],"predecessor-version":[{"id":21715,"href":"http:\/\/staging.ibermusicas.org\/index.php\/wp-json\/wp\/v2\/posts\/21603\/revisions\/21715"}],"wp:featuredmedia":[{"embeddable":true,"href":"http:\/\/staging.ibermusicas.org\/index.php\/wp-json\/wp\/v2\/media\/21604"}],"wp:attachment":[{"href":"http:\/\/staging.ibermusicas.org\/index.php\/wp-json\/wp\/v2\/media?parent=21603"}],"wp:term":[{"taxonomy":"category","embeddable":true,"href":"http:\/\/staging.ibermusicas.org\/index.php\/wp-json\/wp\/v2\/categories?post=21603"},{"taxonomy":"post_tag","embeddable":true,"href":"http:\/\/staging.ibermusicas.org\/index.php\/wp-json\/wp\/v2\/tags?post=21603"}],"curies":[{"name":"wp","href":"https:\/\/api.w.org\/{rel}","templated":true}]}}