{"id":21606,"date":"2025-02-27T16:49:04","date_gmt":"2025-02-27T16:49:04","guid":{"rendered":"http:\/\/staging.ibermusicas.org\/?p=21606"},"modified":"2025-03-27T17:57:17","modified_gmt":"2025-03-27T17:57:17","slug":"o-compositor-argentino-lucas-querini-apresenta-o-video-da-estreia-de-sua-obra-fantasia-sinfonica-vencedora-do-premio-ibermusicas-em-homenagem-ao-100o-aniversario-de-la-cumparsita","status":"publish","type":"post","link":"http:\/\/staging.ibermusicas.org\/index.php\/o-compositor-argentino-lucas-querini-apresenta-o-video-da-estreia-de-sua-obra-fantasia-sinfonica-vencedora-do-premio-ibermusicas-em-homenagem-ao-100o-aniversario-de-la-cumparsita\/","title":{"rendered":"O compositor argentino Lucas Querini apresenta o v\u00eddeo da estreia de sua obra Fantas\u00eda Sinf\u00f3nica, vencedora do Pr\u00eamio\u00a0 Iberm\u00fasicas em Homenagem ao 100\u00ba Anivers\u00e1rio de \u201cLa Cumparsita\u201d"},"content":{"rendered":"<p>\u201cFantas\u00eda Sinf\u00f3nica: La historia del Tango\u201d \u00e9 a obra de Lucas Querini que ganhou o primeiro pr\u00eamio no concurso de composi\u00e7\u00e3o ibero-americano proposto pelo Uruguai atrav\u00e9s da CIATyC (Comisi\u00f3n Interministerial de Apoyo al Tango y al Candombe en Uruguay) dos Minist\u00e9rios de Educa\u00e7\u00e3o e Cultura, Rela\u00e7\u00f5es Exteriores e Turismo desse pa\u00eds junto com o Programa Iberm\u00fasicas.<\/p>\n<p>&nbsp;<\/p>\n<p>Fantas\u00eda Sinf\u00f3nica \u00e9 uma obra inspirada no vasto universo sonoro oferecido pelo tango como m\u00fasica tradicional argentina. Em um contexto sinf\u00f4nico que inclui o bandone\u00f3n como representante desse patrim\u00f4nio cultural, a m\u00fasica al\u00e7a voo evocando os gestos t\u00edpicos, as paisagens, os personagens, os int\u00e9rpretes, os compositores e os poetas que alimentaram essa express\u00e3o art\u00edstica ao longo dos anos. Organizada em doze cenas, a obra \u00e9 baseada em varia\u00e7\u00f5es de um tema principal que muda em cada cena de acordo com o esp\u00edrito de cada evoca\u00e7\u00e3o.<\/p>\n<p>&nbsp;<\/p>\n<p>Assim, a m\u00fasica nos transporta das paisagens ga\u00fachas dos pampas para os sub\u00farbios de Buenos Aires, onde os ritmos dos afrodescendentes se misturam \u00e0 m\u00fasica europeia da onda de imigra\u00e7\u00e3o do in\u00edcio do s\u00e9culo, em uma mistura t\u00e3o elegante quanto o canyengue. O primeiro cl\u00edmax \u00e9 alcan\u00e7ado com a lembran\u00e7a da era de ouro, no bandone\u00f3n maior de Buenos Aires An\u00edbal Troilo, na La Yumba de Osvaldo Pugliese e no piano de Horacio Salg\u00e1n. As \u00faltimas cenas t\u00eam a inten\u00e7\u00e3o de homenagear as ideias do g\u00eanio renovador de Astor Piazzolla, que reaparecem na cena dedicada ao trabalho do contempor\u00e2neo Fernando Otero. A cena final \u00e9 uma ode vibrante dedicada aos milhares de artistas que, nestes tempos, gritam \u201cO tango est\u00e1 voltando\u201d, porque ele nunca foi embora, porque est\u00e1 sempre voltando.<\/p>\n<p>&nbsp;<\/p>\n<p>Cena I: Cantor e viol\u00e3o<\/p>\n<p>Cena II: Pampeana<\/p>\n<p>Cena III: Mate<\/p>\n<p>Cena IV: Toc\u00e1 Tang\u00f3<\/p>\n<p>Cena V: Valsecito<\/p>\n<p>Cena VI: Onde a lama se revolta&#8230;<\/p>\n<p>Cena VII: Canyengue (para Anibal Troilo)<\/p>\n<p>Cena VIII: Yumba (para Osvaldo Pugliese)<\/p>\n<p>Cena IX: Revolucionario (para Astor Piazzolla)<\/p>\n<p>Cena X: Umpa-Umpa (para Horacio Salg\u00e1n)<\/p>\n<p>Cena XI: Tango X (para Fernando Otero)<\/p>\n<p>Cena XII: Vuelve el Tango (para a M\u00e1quina Tanguera)<\/p>\n<p>&nbsp;<\/p>\n<p>Fantas\u00eda Sinf\u00f3nica teve sua estreia internacional em Bogot\u00e1, Col\u00f4mbia, em 20 de abril, no Audit\u00f3rio Fabio Lozano, e em 21 de abril, no Audit\u00f3rio Le\u00f3n de Greiff, pela Orquesta Sinf\u00f3nica Nacional de Colombia, regida pelo maestro Juan Pablo Valencia Heredia e com a participa\u00e7\u00e3o solista do bandoneonista Giovanni Parra. Em julho de 2023, teve sua estreia nacional executada pela Orquesta Sinf\u00f3nica de Rosario, sob a reg\u00eancia do maestro Javier M\u00e1s, no Teatro \u201cEl C\u00edrculo\u201d, em Rosario, Argentina, com a participa\u00e7\u00e3o solista do bandoneonista Danilo Cernotto.<\/p>\n<p>&nbsp;<\/p>\n<p>Lucas Querini \u00e9 um pianista e compositor argentino. Radicado na cidade de Rosario, desenvolve um intenso trabalho musical como artista e professor, com especial interesse em relacionar a tradi\u00e7\u00e3o acad\u00eamica com a m\u00fasica folcl\u00f3rica de seu pa\u00eds. Formou-se em piano e composi\u00e7\u00e3o na Universidade Nacional de Ros\u00e1rio e estudou m\u00fasica popular com personalidades importantes da Argentina e do Brasil. Desenvolveu uma ampla atividade profissional, trabalhando com artistas de m\u00fasica popular e acad\u00eamica. Fez cinco turn\u00eas internacionais, dando concertos na Alemanha, Fran\u00e7a, B\u00e9lgica, Holanda, Su\u00ed\u00e7a, Dinamarca e Espanha. Premiado em concursos nacionais e internacionais como compositor e arranjador, estreou m\u00fasicas com a Orquesta Sinf\u00f3nica Provincial de Rosario, a Orquesta Sinf\u00f3nica Provincial de Santa Fe, a Orquesta de C\u00e1mara Municipal de Rosario, a Orquesta Sinf\u00f3nica Juvenil Kayen de Tierra del Fuego e um grande n\u00famero de conjuntos e grupos no pa\u00eds e no exterior. \u00c9 professor de piano no curso de M\u00fasica Popular da Universidad Nacional del Litoral.<\/p>\n<p>https:\/\/www.youtube.com\/@LucasQuerini<\/p>\n<p><iframe loading=\"lazy\" title=\"Fantas\u00eda Sinf\u00f3nica: La Historia del Tango - Lucas Querini - Orquesta Sinf\u00f3nica Nacional de Colombia\" width=\"500\" height=\"281\" src=\"https:\/\/www.youtube.com\/embed\/SBYDrcQT5F4?feature=oembed\" frameborder=\"0\" allow=\"accelerometer; autoplay; clipboard-write; encrypted-media; gyroscope; picture-in-picture; web-share\" referrerpolicy=\"strict-origin-when-cross-origin\" allowfullscreen><\/iframe><\/p>\n<p><iframe loading=\"lazy\" title=\"Fantas\u00eda sinf\u00f3nica: La Historia del tango - Lucas Querini [2008] para bandone\u00f3n y orquesta\" width=\"500\" height=\"281\" src=\"https:\/\/www.youtube.com\/embed\/gHC9GQzb66g?feature=oembed\" frameborder=\"0\" allow=\"accelerometer; autoplay; clipboard-write; encrypted-media; gyroscope; picture-in-picture; web-share\" referrerpolicy=\"strict-origin-when-cross-origin\" allowfullscreen><\/iframe><\/p>\n","protected":false},"excerpt":{"rendered":"<p>\u201cFantas\u00eda Sinf\u00f3nica: La historia del Tango\u201d \u00e9 a obra de Lucas Querini que ganhou o primeiro pr\u00eamio no concurso de composi\u00e7\u00e3o ibero-americano proposto pelo Uruguai atrav\u00e9s da CIATyC (Comisi\u00f3n Interministerial de Apoyo al Tango y al Candombe en Uruguay) dos Minist\u00e9rios de Educa\u00e7\u00e3o e Cultura, Rela\u00e7\u00f5es Exteriores e Turismo desse pa\u00eds junto com o Programa [&hellip;]<\/p>\n","protected":false},"author":7,"featured_media":21604,"comment_status":"closed","ping_status":"closed","sticky":false,"template":"","format":"standard","meta":{"footnotes":""},"categories":[218],"tags":[],"class_list":["post-21606","post","type-post","status-publish","format-standard","has-post-thumbnail","hentry","category-noticias-generales-pt"],"lang":"pt","translations":{"pt":21606},"pll_sync_post":[],"post_mailing_queue_ids":[],"_links":{"self":[{"href":"http:\/\/staging.ibermusicas.org\/index.php\/wp-json\/wp\/v2\/posts\/21606","targetHints":{"allow":["GET"]}}],"collection":[{"href":"http:\/\/staging.ibermusicas.org\/index.php\/wp-json\/wp\/v2\/posts"}],"about":[{"href":"http:\/\/staging.ibermusicas.org\/index.php\/wp-json\/wp\/v2\/types\/post"}],"author":[{"embeddable":true,"href":"http:\/\/staging.ibermusicas.org\/index.php\/wp-json\/wp\/v2\/users\/7"}],"replies":[{"embeddable":true,"href":"http:\/\/staging.ibermusicas.org\/index.php\/wp-json\/wp\/v2\/comments?post=21606"}],"version-history":[{"count":3,"href":"http:\/\/staging.ibermusicas.org\/index.php\/wp-json\/wp\/v2\/posts\/21606\/revisions"}],"predecessor-version":[{"id":21717,"href":"http:\/\/staging.ibermusicas.org\/index.php\/wp-json\/wp\/v2\/posts\/21606\/revisions\/21717"}],"wp:featuredmedia":[{"embeddable":true,"href":"http:\/\/staging.ibermusicas.org\/index.php\/wp-json\/wp\/v2\/media\/21604"}],"wp:attachment":[{"href":"http:\/\/staging.ibermusicas.org\/index.php\/wp-json\/wp\/v2\/media?parent=21606"}],"wp:term":[{"taxonomy":"category","embeddable":true,"href":"http:\/\/staging.ibermusicas.org\/index.php\/wp-json\/wp\/v2\/categories?post=21606"},{"taxonomy":"post_tag","embeddable":true,"href":"http:\/\/staging.ibermusicas.org\/index.php\/wp-json\/wp\/v2\/tags?post=21606"}],"curies":[{"name":"wp","href":"https:\/\/api.w.org\/{rel}","templated":true}]}}