{"id":21613,"date":"2025-02-27T17:05:58","date_gmt":"2025-02-27T17:05:58","guid":{"rendered":"http:\/\/staging.ibermusicas.org\/?p=21613"},"modified":"2025-03-27T17:51:06","modified_gmt":"2025-03-27T17:51:06","slug":"el-heldentenor-brasileno-cae-vieira-comenzo-su-preparacion-intensiva-para-papeles-en-operas-de-wagner-en-alemania","status":"publish","type":"post","link":"http:\/\/staging.ibermusicas.org\/index.php\/el-heldentenor-brasileno-cae-vieira-comenzo-su-preparacion-intensiva-para-papeles-en-operas-de-wagner-en-alemania\/","title":{"rendered":"El Heldentenor brasile\u00f1o Ca\u00ea Vieira comenz\u00f3 su preparaci\u00f3n intensiva para papeles en \u00f3peras de Wagner en Alemania"},"content":{"rendered":"<p>Ca\u00ea Vieira es un Heldentenor, una clasificaci\u00f3n muy particular: una voz que se sit\u00faa entre el tenor y el bar\u00edtono y que trabaja espec\u00edficamente para el repertorio oper\u00edstico alem\u00e1n de compositores como Richard Wagner y Richard Strauss. Fue invitado por el pianista Klaus Sallmann para especializarse con \u00e9l durante un periodo intensivo de cuatro meses en Berl\u00edn, Alemania.<\/p>\n<p>&nbsp;<\/p>\n<p>Klaus Sallmann es pianista preparatorio en la Staatsoper de Berl\u00edn, uno de los teatros de \u00f3pera m\u00e1s renombrados del mundo, y est\u00e1 especializado en el repertorio wagneriano, lo que le califica como el profesional ideal para preparar al Heldentenor Ca\u00ea Vieira para una carrera internacional, convirti\u00e9ndose en uno de los pocos negros sudamericanos capaces de cantar un repertorio tan dif\u00edcil.<\/p>\n<p>&nbsp;<\/p>\n<p>Ca\u00ea Vieira es profesor de canto en la Universidad Federal de R\u00edo de Janeiro. Trabaja como cantante, director coral y profesor de canto y direcci\u00f3n. Es doctor en Direcci\u00f3n Coral (DMA) por la Universidad de Alabama, m\u00e1ster en Ciencias Religiosas por la Universidad Metodista de S\u00e3o Paulo, licenciado en M\u00fasica &#8211; Canto por la Universidad Estatal de S\u00e3o Paulo (2000) y licenciado en Medicina Veterinaria por la Universidad Estatal de Londrina (1996).<\/p>\n<p>&nbsp;<\/p>\n<p>Fue director titular de los coros de adultos de la 1\u00aa Iglesia Presbiteriana Independiente de S\u00e3o Paulo entre 2001 y 2012. En el \u00e1rea de la direcci\u00f3n, tiene experiencia en M\u00fasica Coral, M\u00fasica Antigua y M\u00fasica Sacra. En el \u00e1rea del canto, trabaja principalmente en M\u00fasica Antigua, Lieder y \u00f3pera. Tambi\u00e9n estudia pedagog\u00eda vocal y dicci\u00f3n, interes\u00e1ndose por la dicci\u00f3n del portugu\u00e9s brasile\u00f1o cantado.<\/p>\n<p>&nbsp;<\/p>\n<p>Con un historial de actividades en Brasil, Alemania y EE.UU. y debido a su dominio de seis idiomas, Ca\u00ea Vieira tiene una presencia internacional en el campo de la m\u00fasica. Entre 2016 y 2018, fue profesor de m\u00fasica en la Universidad Estatal de Minot (Minot, ND, EE UU).<\/p>\n<p>&nbsp;<\/p>\n<p>En \u00f3pera, est\u00e1 clasificado como Heldentenor (Tenor Heroico), con una voz met\u00e1lica y un timbre rico y con cuerpo en toda la tesitura. Durante a\u00f1os, Ca\u00ea cant\u00f3 anteriormente como bar\u00edtono y ha tenido en su repertorio un total de 24 papeles de compositores como Mozart, Verdi, Puccini, Bizet y Tchaikovsky. Sobre el escenario, se le ha visto como F\u00edgaro (Rossini), Guglielmo (Mozart), J\u00fapiter (Offenbach) y Escamillo (Bizet), entre otros. Desde 2020, ha estado explorando su nuevo rango preparando principalmente papeles wagnerianos. A principios de 2023 public\u00f3 un CD junto con la mezzosoprano Lara Cavalcanti y el pianista Silas Barbosa con los Lieder de Sigismund von Neukomm en una grabaci\u00f3n de estreno mundial y modinhas del periodo de la independencia brasile\u00f1a.<\/p>\n<p>&nbsp;<\/p>\n<p>Ca\u00ea Vieira fue ganador de la Convocatoria 2023 del Programa Iberm\u00fasicas.de Ayuda a la circulaci\u00f3n de profesionales de la m\u00fasica.<\/p>\n","protected":false},"excerpt":{"rendered":"<p>Ca\u00ea Vieira es un Heldentenor, una clasificaci\u00f3n muy particular: una voz que se sit\u00faa entre el tenor y el bar\u00edtono y que trabaja espec\u00edficamente para el repertorio oper\u00edstico alem\u00e1n de compositores como Richard Wagner y Richard Strauss. Fue invitado por el pianista Klaus Sallmann para especializarse con \u00e9l durante un periodo intensivo de cuatro meses [&hellip;]<\/p>\n","protected":false},"author":7,"featured_media":21614,"comment_status":"closed","ping_status":"closed","sticky":false,"template":"","format":"standard","meta":{"footnotes":""},"categories":[53],"tags":[],"class_list":["post-21613","post","type-post","status-publish","format-standard","has-post-thumbnail","hentry","category-noticias-generales"],"lang":"es","translations":{"es":21613},"pll_sync_post":[],"post_mailing_queue_ids":[],"_links":{"self":[{"href":"http:\/\/staging.ibermusicas.org\/index.php\/wp-json\/wp\/v2\/posts\/21613","targetHints":{"allow":["GET"]}}],"collection":[{"href":"http:\/\/staging.ibermusicas.org\/index.php\/wp-json\/wp\/v2\/posts"}],"about":[{"href":"http:\/\/staging.ibermusicas.org\/index.php\/wp-json\/wp\/v2\/types\/post"}],"author":[{"embeddable":true,"href":"http:\/\/staging.ibermusicas.org\/index.php\/wp-json\/wp\/v2\/users\/7"}],"replies":[{"embeddable":true,"href":"http:\/\/staging.ibermusicas.org\/index.php\/wp-json\/wp\/v2\/comments?post=21613"}],"version-history":[{"count":1,"href":"http:\/\/staging.ibermusicas.org\/index.php\/wp-json\/wp\/v2\/posts\/21613\/revisions"}],"predecessor-version":[{"id":21615,"href":"http:\/\/staging.ibermusicas.org\/index.php\/wp-json\/wp\/v2\/posts\/21613\/revisions\/21615"}],"wp:featuredmedia":[{"embeddable":true,"href":"http:\/\/staging.ibermusicas.org\/index.php\/wp-json\/wp\/v2\/media\/21614"}],"wp:attachment":[{"href":"http:\/\/staging.ibermusicas.org\/index.php\/wp-json\/wp\/v2\/media?parent=21613"}],"wp:term":[{"taxonomy":"category","embeddable":true,"href":"http:\/\/staging.ibermusicas.org\/index.php\/wp-json\/wp\/v2\/categories?post=21613"},{"taxonomy":"post_tag","embeddable":true,"href":"http:\/\/staging.ibermusicas.org\/index.php\/wp-json\/wp\/v2\/tags?post=21613"}],"curies":[{"name":"wp","href":"https:\/\/api.w.org\/{rel}","templated":true}]}}