{"id":21616,"date":"2025-02-27T17:07:11","date_gmt":"2025-02-27T17:07:11","guid":{"rendered":"http:\/\/staging.ibermusicas.org\/?p=21616"},"modified":"2025-04-28T18:27:23","modified_gmt":"2025-04-28T18:27:23","slug":"o-heldentenor-brasileiro-cae-vieira-iniciou-sua-preparacao-intensiva-de-papeis-de-operas-de-wagner-na-alemanha","status":"publish","type":"post","link":"http:\/\/staging.ibermusicas.org\/index.php\/o-heldentenor-brasileiro-cae-vieira-iniciou-sua-preparacao-intensiva-de-papeis-de-operas-de-wagner-na-alemanha\/","title":{"rendered":"O Heldentenor brasileiro Ca\u00ea Vieira iniciou sua prepara\u00e7\u00e3o intensiva de pap\u00e9is de \u00f3peras de Wagner na Alemanha"},"content":{"rendered":"<p>Ca\u00ea Vieira \u00e9 Heldentenor, uma classifica\u00e7\u00e3o muito particular: uma voz que fica entre o tenor e o bar\u00edtono e que funciona especificamente para o repert\u00f3rio l\u00edrico alem\u00e3o de compositores como Richard Wagner e Richard Strauss. Ele recebeu o convite do pianista Klaus Sallmann para se especializar com ele por um per\u00edodo intensivo de quatro meses em Berlim, na Alemanha.<\/p>\n<p>&nbsp;<\/p>\n<p>Klaus Sallmann \u00e9 pianista preparador da Staatsoper em Berlim, uma das mais renomadas casas de \u00f3pera de todo o mundo e \u00e9 especializado no repert\u00f3rio wagneriano, o que o qualifica para ser o profissional ideal para preparar o Heldentenor Ca\u00ea Vieira para uma carreira de n\u00edvel internacional, tornando-se um dos poucos negros sul-americanos capazes de cantar esse repert\u00f3rio t\u00e3o dif\u00edcil.<\/p>\n<p>&nbsp;<\/p>\n<p>Ca\u00ea Vieira \u00e9 Professor de Canto da Universidade Federal do Rio de Janeiro. Ele atua como Cantor, Regente Coral, Professor de Canto e de Reg\u00eancia. \u00c9 doutor em Reg\u00eancia Coral (DMA) pela The University of Alabama, \u00e9 mestre em Ci\u00eancias da Religi\u00e3o pela Universidade Metodista de S\u00e3o Paulo, possui Bacharelado em M\u00fasica &#8211; Habilita\u00e7\u00e3o em Canto pela Universidade Estadual Paulista (2000) e gradua\u00e7\u00e3o em Medicina Veterin\u00e1ria pela Universidade Estadual de Londrina (1996).<\/p>\n<p>&nbsp;<\/p>\n<p>Atuou como regente titular dos coros adultos da 1a Igreja Presbiteriana Independente de S\u00e3o Paulo entre 2001 e 2012. Na \u00e1rea de reg\u00eancia, tem experi\u00eancia na \u00e1rea de M\u00fasica Coral, M\u00fasica Antiga e M\u00fasica Sacra. Na \u00e1rea de Canto, atua principalmente em M\u00fasica Antiga, Lieder e \u00f3pera. \u00c9 ainda estudioso de pedagogia vocal e da \u00e1rea de dic\u00e7\u00e3o com interesse em dic\u00e7\u00e3o do Portugu\u00eas Brasileiro Cantado.<\/p>\n<p>&nbsp;<\/p>\n<p>Com hist\u00f3rico de atividades no Brasil, Alemanha e EUA e devido ao seu dom\u00ednio de seis idiomas, Ca\u00ea Vieira tem uma presen\u00e7a internacional no campo da m\u00fasica. Entre 2016 e 2018, foi professor de m\u00fasica na Minot State University (Minot, ND, EUA).<\/p>\n<p>&nbsp;<\/p>\n<p>Na \u00f3pera, \u00e9 classificado como um Heldentenor (Tenor Her\u00f3ico), com voz met\u00e1lica, timbre rico e encorpado em toda a tessitura. Por anos, Ca\u00ea cantou previamente como bar\u00edtono e teve um total de 24 pap\u00e9is em seu repert\u00f3rio incluindo compositores como Mozart, Verdi, Puccini, Bizet e Tchaikovsky. No palco, ele j\u00e1 foi visto como Figaro (Rossini), Guglielmo (Mozart), Jupiter (Offenbach) e Escamillo (Bizet), entre outros. Desde 2020, ele tem explorado sua nova classifica\u00e7\u00e3o preparando principalmente pap\u00e9is wagnerianos. No in\u00edcio de 2023 lan\u00e7ou um CD juntamente com o mezzo-soprano Lara Cavalcanti e o pianista Silas Barbosa apresentando Lieder de Sigismund von Neukomm em primeira grava\u00e7\u00e3o mundial e modinhas do per\u00edodo da independ\u00eancia do Brasil.<\/p>\n<p>Ca\u00ea Vieira foi vencedor do edital 2023 de Apoio \u00e0 Circula\u00e7\u00e3o do Programa Iberm\u00fasicas.<\/p>\n","protected":false},"excerpt":{"rendered":"<p>Ca\u00ea Vieira \u00e9 Heldentenor, uma classifica\u00e7\u00e3o muito particular: uma voz que fica entre o tenor e o bar\u00edtono e que funciona especificamente para o repert\u00f3rio l\u00edrico alem\u00e3o de compositores como Richard Wagner e Richard Strauss. Ele recebeu o convite do pianista Klaus Sallmann para se especializar com ele por um per\u00edodo intensivo de quatro meses [&hellip;]<\/p>\n","protected":false},"author":7,"featured_media":21614,"comment_status":"closed","ping_status":"closed","sticky":false,"template":"","format":"standard","meta":{"footnotes":""},"categories":[218],"tags":[],"class_list":["post-21616","post","type-post","status-publish","format-standard","has-post-thumbnail","hentry","category-noticias-generales-pt"],"lang":"pt","translations":{"pt":21616},"pll_sync_post":[],"post_mailing_queue_ids":[],"_links":{"self":[{"href":"http:\/\/staging.ibermusicas.org\/index.php\/wp-json\/wp\/v2\/posts\/21616","targetHints":{"allow":["GET"]}}],"collection":[{"href":"http:\/\/staging.ibermusicas.org\/index.php\/wp-json\/wp\/v2\/posts"}],"about":[{"href":"http:\/\/staging.ibermusicas.org\/index.php\/wp-json\/wp\/v2\/types\/post"}],"author":[{"embeddable":true,"href":"http:\/\/staging.ibermusicas.org\/index.php\/wp-json\/wp\/v2\/users\/7"}],"replies":[{"embeddable":true,"href":"http:\/\/staging.ibermusicas.org\/index.php\/wp-json\/wp\/v2\/comments?post=21616"}],"version-history":[{"count":1,"href":"http:\/\/staging.ibermusicas.org\/index.php\/wp-json\/wp\/v2\/posts\/21616\/revisions"}],"predecessor-version":[{"id":21617,"href":"http:\/\/staging.ibermusicas.org\/index.php\/wp-json\/wp\/v2\/posts\/21616\/revisions\/21617"}],"wp:featuredmedia":[{"embeddable":true,"href":"http:\/\/staging.ibermusicas.org\/index.php\/wp-json\/wp\/v2\/media\/21614"}],"wp:attachment":[{"href":"http:\/\/staging.ibermusicas.org\/index.php\/wp-json\/wp\/v2\/media?parent=21616"}],"wp:term":[{"taxonomy":"category","embeddable":true,"href":"http:\/\/staging.ibermusicas.org\/index.php\/wp-json\/wp\/v2\/categories?post=21616"},{"taxonomy":"post_tag","embeddable":true,"href":"http:\/\/staging.ibermusicas.org\/index.php\/wp-json\/wp\/v2\/tags?post=21616"}],"curies":[{"name":"wp","href":"https:\/\/api.w.org\/{rel}","templated":true}]}}