{"id":21618,"date":"2025-02-27T21:06:38","date_gmt":"2025-02-27T21:06:38","guid":{"rendered":"http:\/\/staging.ibermusicas.org\/?p=21618"},"modified":"2025-03-27T17:50:59","modified_gmt":"2025-03-27T17:50:59","slug":"la-agrupacion-colombiana-enkele-mujeres-en-las-musicas-de-tradicion-oral-inicia-su-gira-pala-cima-con-presentaciones-en-brasil-costa-rica-y-mexico","status":"publish","type":"post","link":"http:\/\/staging.ibermusicas.org\/index.php\/la-agrupacion-colombiana-enkele-mujeres-en-las-musicas-de-tradicion-oral-inicia-su-gira-pala-cima-con-presentaciones-en-brasil-costa-rica-y-mexico\/","title":{"rendered":"La agrupaci\u00f3n colombiana Enkel\u00e9, mujeres en las m\u00fasicas de tradici\u00f3n oral, inicia su \u201cGira Pa\u00b4La Cima\u201d con presentaciones en Brasil, Costa Rica y M\u00e9xico"},"content":{"rendered":"<p>Enkel\u00e9, voces y tambores es un grupo de siete mujeres que se unen bajo la misma pasi\u00f3n por los bailes cantados. Es un proyecto que cuestiona, promueve y difunde la herencia cultural de los bailes cantados y la herencia del mestizaje con la di\u00e1spora africana en Am\u00e9rica Latina, la regi\u00f3n Caribe y las riberas del Magdalena Medio en Colombia para promover espacios libres de violencia.<\/p>\n<p>&nbsp;<\/p>\n<p>Creen firmemente en que el patrimonio intangible de la m\u00fasica tradicional y los bailes cantados pueden promover la reconstrucci\u00f3n del tejido social en nuestras comunidades, siendo ellas mismas las mediadoras de esta transformaci\u00f3n gracias al arte. Con esta propuesta buscan llevar la representaci\u00f3n de los bailes cantados de la ribera del r\u00edo Magdalena Medio y del Caribe colombiano a otros pa\u00edses de Latinoam\u00e9rica desde la visi\u00f3n femenina y resiliente de las nuevas generaciones en la m\u00fasica de tradici\u00f3n oral.<\/p>\n<p>&nbsp;<\/p>\n<p>Esta gira de Enkel\u00e9 tambi\u00e9n quiere celebrar desde un enfoque de exaltaci\u00f3n la diversidad, el orgullo de ser mujeres en un pa\u00eds que est\u00e1 reescribiendo su historia por una multicolor, de verdad, de paz y de equidad.<\/p>\n<p>&nbsp;<\/p>\n<p>La agrupaci\u00f3n Enkel\u00e9, a trav\u00e9s de cada una de sus interpretaciones, fusiona los ritmos caracter\u00edsticos de la cumbia, el bullerengue y la tambora, mientras transmite mensajes importantes sobre la protecci\u00f3n de la naturaleza, la construcci\u00f3n de una ciudadan\u00eda comprometida con la paz y los derechos humanos como eje fundamental de una sana convivencia.<\/p>\n<p>&nbsp;<\/p>\n<p>Enkel\u00e9 ha sido ganadora de \u201cAyuda a la circulaci\u00f3n de profesionales de la m\u00fasica\u201d, convocatoria 2024 del Programa Iberm\u00fasicas.<\/p>\n<p>&nbsp;<\/p>\n<p>&nbsp;<\/p>\n<ul>\n<li>1 al 4 de marzo: Festival RecBeat, Recife, Brasil<\/li>\n<li>7 al 11 de marzo: Tremendas Fest, Costa Rica<\/li>\n<li>12 al 14 de marzo: Mercado Cultural de la M\u00fasica UR\u00c1, San Jos\u00e9, Costa Rica<\/li>\n<li>16 al 17 de marzo: Fandango Mezcalero en Chilpancingo, Guerrero, M\u00e9xico<\/li>\n<li>19 al 21 de marzo: Festival de Primavera, Cuernavaca, M\u00e9xico<\/li>\n<\/ul>\n","protected":false},"excerpt":{"rendered":"<p>Enkel\u00e9, voces y tambores es un grupo de siete mujeres que se unen bajo la misma pasi\u00f3n por los bailes cantados. Es un proyecto que cuestiona, promueve y difunde la herencia cultural de los bailes cantados y la herencia del mestizaje con la di\u00e1spora africana en Am\u00e9rica Latina, la regi\u00f3n Caribe y las riberas del [&hellip;]<\/p>\n","protected":false},"author":7,"featured_media":21619,"comment_status":"closed","ping_status":"closed","sticky":false,"template":"","format":"standard","meta":{"footnotes":""},"categories":[53],"tags":[],"class_list":["post-21618","post","type-post","status-publish","format-standard","has-post-thumbnail","hentry","category-noticias-generales"],"lang":"es","translations":{"es":21618},"pll_sync_post":[],"post_mailing_queue_ids":[],"_links":{"self":[{"href":"http:\/\/staging.ibermusicas.org\/index.php\/wp-json\/wp\/v2\/posts\/21618","targetHints":{"allow":["GET"]}}],"collection":[{"href":"http:\/\/staging.ibermusicas.org\/index.php\/wp-json\/wp\/v2\/posts"}],"about":[{"href":"http:\/\/staging.ibermusicas.org\/index.php\/wp-json\/wp\/v2\/types\/post"}],"author":[{"embeddable":true,"href":"http:\/\/staging.ibermusicas.org\/index.php\/wp-json\/wp\/v2\/users\/7"}],"replies":[{"embeddable":true,"href":"http:\/\/staging.ibermusicas.org\/index.php\/wp-json\/wp\/v2\/comments?post=21618"}],"version-history":[{"count":2,"href":"http:\/\/staging.ibermusicas.org\/index.php\/wp-json\/wp\/v2\/posts\/21618\/revisions"}],"predecessor-version":[{"id":21621,"href":"http:\/\/staging.ibermusicas.org\/index.php\/wp-json\/wp\/v2\/posts\/21618\/revisions\/21621"}],"wp:featuredmedia":[{"embeddable":true,"href":"http:\/\/staging.ibermusicas.org\/index.php\/wp-json\/wp\/v2\/media\/21619"}],"wp:attachment":[{"href":"http:\/\/staging.ibermusicas.org\/index.php\/wp-json\/wp\/v2\/media?parent=21618"}],"wp:term":[{"taxonomy":"category","embeddable":true,"href":"http:\/\/staging.ibermusicas.org\/index.php\/wp-json\/wp\/v2\/categories?post=21618"},{"taxonomy":"post_tag","embeddable":true,"href":"http:\/\/staging.ibermusicas.org\/index.php\/wp-json\/wp\/v2\/tags?post=21618"}],"curies":[{"name":"wp","href":"https:\/\/api.w.org\/{rel}","templated":true}]}}