{"id":21622,"date":"2025-02-27T21:11:12","date_gmt":"2025-02-27T21:11:12","guid":{"rendered":"http:\/\/staging.ibermusicas.org\/?p=21622"},"modified":"2025-03-27T17:57:03","modified_gmt":"2025-03-27T17:57:03","slug":"o-grupo-colombiano-enkele-mulheres-na-musica-de-tradicao-oral-inicia-sua-pala-cima-tour-com-apresentacoes-no-brasil-costa-rica-e-mexico","status":"publish","type":"post","link":"http:\/\/staging.ibermusicas.org\/index.php\/o-grupo-colombiano-enkele-mulheres-na-musica-de-tradicao-oral-inicia-sua-pala-cima-tour-com-apresentacoes-no-brasil-costa-rica-e-mexico\/","title":{"rendered":"O grupo colombiano Enkel\u00e9, mulheres na m\u00fasica de tradi\u00e7\u00e3o oral, inicia sua \u201cPa&#8217;La Cima Tour\u201d com apresenta\u00e7\u00f5es no Brasil, Costa Rica e M\u00e9xico"},"content":{"rendered":"<p>Enkel\u00e9, voces y tambores \u00e9 um grupo de sete mulheres que se unem sob a mesma paix\u00e3o pelas dan\u00e7as cantadas. \u00c9 um projeto que questiona, promove e divulga o patrim\u00f4nio cultural das dan\u00e7as cantadas e o patrim\u00f4nio da miscigena\u00e7\u00e3o com a di\u00e1spora africana na Am\u00e9rica Latina, na regi\u00e3o do Caribe e nas margens do Magdalena Meio, na Col\u00f4mbia, para promover espa\u00e7os livres de viol\u00eancia.<\/p>\n<p>&nbsp;<\/p>\n<p>Elas acreditam firmemente que o patrim\u00f4nio imaterial da m\u00fasica tradicional e das dan\u00e7as cantadas pode promover a reconstru\u00e7\u00e3o do tecido social em nossas comunidades, sendo elas mesmas as mediadoras dessa transforma\u00e7\u00e3o gra\u00e7as \u00e0 arte. Com essa proposta, buscam levar a representa\u00e7\u00e3o das dan\u00e7as cantadas das margens do rio Magdalena Meio e do Caribe colombiano a outros pa\u00edses da Am\u00e9rica Latina a partir da vis\u00e3o feminina e resiliente das novas gera\u00e7\u00f5es na m\u00fasica de tradi\u00e7\u00e3o oral.<\/p>\n<p>&nbsp;<\/p>\n<p>Essa turn\u00ea do Enkel\u00e9 tamb\u00e9m tem como objetivo celebrar a diversidade e o orgulho de ser mulher em um pa\u00eds que est\u00e1 reescrevendo sua hist\u00f3ria de forma multicolorida, verdadeira, pac\u00edfica e equitativa.<\/p>\n<p>&nbsp;<\/p>\n<p>O grupo Enkel\u00e9, em cada uma de suas apresenta\u00e7\u00f5es, funde os ritmos caracter\u00edsticos da cumbia, do bullerengue e do tambora, ao mesmo tempo em que transmite mensagens importantes sobre a prote\u00e7\u00e3o da natureza, a constru\u00e7\u00e3o de uma cidadania comprometida com a paz e os direitos humanos como eixo fundamental de uma conviv\u00eancia saud\u00e1vel.<\/p>\n<p>&nbsp;<\/p>\n<p>A agrupa\u00e7\u00e3o Enkel\u00e9 foi vencedora do pr\u00eamio \u201cApoio \u00e0 circula\u00e7\u00e3o de profissionais da m\u00fasica\u201d, chamada 2024 do Programa Iberm\u00fasicas.<\/p>\n<p>&nbsp;<\/p>\n<ul>\n<li>1 a 4 de mar\u00e7o: Festival RecBeat, Recife, Brasil<\/li>\n<li>7 a 11 de mar\u00e7o: Tremendas Fest, Costa Rica<\/li>\n<li>12 a 14 de mar\u00e7o: Mercado Cultural de M\u00fasica UR\u00c1, San Jos\u00e9, Costa Rica<\/li>\n<li>16 a 17 de mar\u00e7o: Fandango Mezcalero em Chilpancingo, Guerrero, M\u00e9xico<\/li>\n<li>19 a 21 de mar\u00e7o: Festival da Primavera, Cuernavaca, M\u00e9xico<\/li>\n<\/ul>\n","protected":false},"excerpt":{"rendered":"<p>Enkel\u00e9, voces y tambores \u00e9 um grupo de sete mulheres que se unem sob a mesma paix\u00e3o pelas dan\u00e7as cantadas. \u00c9 um projeto que questiona, promove e divulga o patrim\u00f4nio cultural das dan\u00e7as cantadas e o patrim\u00f4nio da miscigena\u00e7\u00e3o com a di\u00e1spora africana na Am\u00e9rica Latina, na regi\u00e3o do Caribe e nas margens do Magdalena [&hellip;]<\/p>\n","protected":false},"author":7,"featured_media":21619,"comment_status":"closed","ping_status":"closed","sticky":false,"template":"","format":"standard","meta":{"footnotes":""},"categories":[218],"tags":[],"class_list":["post-21622","post","type-post","status-publish","format-standard","has-post-thumbnail","hentry","category-noticias-generales-pt"],"lang":"pt","translations":{"pt":21622},"pll_sync_post":[],"post_mailing_queue_ids":[],"_links":{"self":[{"href":"http:\/\/staging.ibermusicas.org\/index.php\/wp-json\/wp\/v2\/posts\/21622","targetHints":{"allow":["GET"]}}],"collection":[{"href":"http:\/\/staging.ibermusicas.org\/index.php\/wp-json\/wp\/v2\/posts"}],"about":[{"href":"http:\/\/staging.ibermusicas.org\/index.php\/wp-json\/wp\/v2\/types\/post"}],"author":[{"embeddable":true,"href":"http:\/\/staging.ibermusicas.org\/index.php\/wp-json\/wp\/v2\/users\/7"}],"replies":[{"embeddable":true,"href":"http:\/\/staging.ibermusicas.org\/index.php\/wp-json\/wp\/v2\/comments?post=21622"}],"version-history":[{"count":1,"href":"http:\/\/staging.ibermusicas.org\/index.php\/wp-json\/wp\/v2\/posts\/21622\/revisions"}],"predecessor-version":[{"id":21623,"href":"http:\/\/staging.ibermusicas.org\/index.php\/wp-json\/wp\/v2\/posts\/21622\/revisions\/21623"}],"wp:featuredmedia":[{"embeddable":true,"href":"http:\/\/staging.ibermusicas.org\/index.php\/wp-json\/wp\/v2\/media\/21619"}],"wp:attachment":[{"href":"http:\/\/staging.ibermusicas.org\/index.php\/wp-json\/wp\/v2\/media?parent=21622"}],"wp:term":[{"taxonomy":"category","embeddable":true,"href":"http:\/\/staging.ibermusicas.org\/index.php\/wp-json\/wp\/v2\/categories?post=21622"},{"taxonomy":"post_tag","embeddable":true,"href":"http:\/\/staging.ibermusicas.org\/index.php\/wp-json\/wp\/v2\/tags?post=21622"}],"curies":[{"name":"wp","href":"https:\/\/api.w.org\/{rel}","templated":true}]}}