{"id":21624,"date":"2025-02-27T21:13:54","date_gmt":"2025-02-27T21:13:54","guid":{"rendered":"http:\/\/staging.ibermusicas.org\/?p=21624"},"modified":"2025-03-27T17:50:53","modified_gmt":"2025-03-27T17:50:53","slug":"ha-comenzado-la-residencia-choro-latino-en-el-clube-do-choro-de-oporto-portugal-con-la-invitacion-de-sergio-valdeos-peru-y-pedro-aragao-brasil","status":"publish","type":"post","link":"http:\/\/staging.ibermusicas.org\/index.php\/ha-comenzado-la-residencia-choro-latino-en-el-clube-do-choro-de-oporto-portugal-con-la-invitacion-de-sergio-valdeos-peru-y-pedro-aragao-brasil\/","title":{"rendered":"Ha comenzado la Residencia Choro Latino en el Clube do Choro de Oporto (Portugal) con la invitaci\u00f3n de Sergio Valdeos (Per\u00fa) y Pedro Arag\u00e3o (Brasil)"},"content":{"rendered":"<p>El proyecto propone una residencia art\u00edstica de tres semanas que re\u00fane a dos invitados internacionales -el guitarrista peruano Sergio Valdeos y el mandolinista e investigador brasile\u00f1o Pedro Arag\u00e3o- en el Clube do Choro de Oporto, un grupo formado por m\u00fasicos brasile\u00f1os y portugueses que viene trabajando intensamente en la difusi\u00f3n de las pr\u00e1cticas musicales luso-brasile\u00f1as en Portugal.<\/p>\n<p>&nbsp;<\/p>\n<p>Durante la residencia art\u00edstica, se ensayar\u00e1n doce composiciones in\u00e9ditas de Sergio Valdeos, compuestas especialmente para el Clube do Choro &#8211; Oporto, basadas en g\u00e9neros de m\u00fasica popular urbana de Am\u00e9rica Latina y de la Pen\u00ednsula Ib\u00e9rica recuperados durante la investigaci\u00f3n acad\u00e9mica realizada por Pedro Arag\u00e3o, music\u00f3logo, profesor de la Universidad de R\u00edo de Janeiro, mandolinista y especialista en el estudio de los tr\u00e1nsitos sonoros entre la Pen\u00ednsula Ib\u00e9rica y Am\u00e9rica Latina.<\/p>\n<p>&nbsp;<\/p>\n<p>Sergio Valdeos es guitarrista, arreglista y compositor con una amplia experiencia como int\u00e9rprete y acompa\u00f1ante en la m\u00fasica latinoamericana. Nacido en Per\u00fa, ha trabajado como guitarrista y arreglista con artistas de renombre como Pilar de la Hoz, Susana Baca, Cecilia Barraza, Cecilia Bracamonte, Rosa Guzm\u00e1n, Eva Ayll\u00f3n y Jean Marco. Realiz\u00f3 parte de su formaci\u00f3n musical en Brasil, habi\u00e9ndose graduado en guitarra por la Universidad Federal de R\u00edo de Janeiro (UFRJ). En 2017 particip\u00f3 como arreglista y guitarrista junto a Rubem Blades en \u00abA Chabuca\u00bb, una producci\u00f3n homenaje a Chabuca Granda (nominada a los Grammy en 2018). En 2019 se public\u00f3 \u00abA Chabuca 2\u00bb, en el que particip\u00f3 como arreglista y guitarrista junto al cantante portugu\u00e9s Ant\u00f3nio Zambujo. Es profesor en el Atheliers d&#8217;Ethnomusicologie (ADEM) de Ginebra, Suiza, donde ense\u00f1a m\u00fasica latinoamericana.<\/p>\n<p>&nbsp;<\/p>\n<p>Pedro Arag\u00e3o es mandolinista, music\u00f3logo y profesor del Instituto Villa-Lobos de la Universidad de R\u00edo de Janeiro (UNIRIO). Como mandolinista, ha dado conciertos y realizado grabaciones con grandes nombres de la m\u00fasica brasile\u00f1a como Cristina Buarque de Hollanda, Elton Medeiros, M\u00f4nica Salmaso, Z\u00e9lia Duncan y Roberto Silva. Es un destacado investigador: organizador de los libros Pixinguinha, In\u00e9ditas e Redescobertas (Instituto Moreira Salles, 2012), Pixinguinha, Outras Pautas e Carnaval de Pixinguinha (Instituto Moreira Salles, 2014), que se centran en la recuperaci\u00f3n de arreglos de este director y compositor brasile\u00f1o. Es autor del libro O Ba\u00fa do Animal, centrado en la historia del choro en Brasil y ganador del Premio Funarte de Producci\u00f3n Cr\u00edtica en M\u00fasica y del Premio Silvio Romero (IPHAN) en 2013. Entre 2018 y 2023, trabaj\u00f3 como investigador adjunto en la Universidad de Aveiro, donde coordin\u00f3 el proyecto LiberSound: Pr\u00e1cticas innovadoras de archivo para la liberaci\u00f3n de la memoria sonora, financiado por el FCT, cuyo objetivo fue estudiar los tr\u00e1nsitos musicales entre pa\u00edses de habla portuguesa a partir de colecciones de discos de gram\u00f3fono. Como parte del mismo proyecto, en 2022 realiz\u00f3 la serie de programas de radio Giro 78: Viajes sonoros en Goma-Laca, emitidos en Antena 2 radio en Portugal y en R\u00e1dio Batuta del Instituto Moreira Salles (Brasil).<\/p>\n<p>&nbsp;<\/p>\n<p>Este proyecto fue premiado en la convocatoria 2024 del Programa Iberm\u00fasicas en la l\u00ednea de Ayuda a instituciones para residencias.<\/p>\n<p>&nbsp;<\/p>\n<ul>\n<li>Del 24 de febrero al 17 de marzo: residencia en el Centro Cultural STOP (Oporto &#8211; Portugal)<\/li>\n<li>8 de marzo: Taller pr\u00e1ctico sobre los g\u00e9neros musicales iberoamericanos: Escuela de M\u00fasica Guilhermina Suggia (Oporto &#8211; Portugal)<\/li>\n<li>13 de marzo: conferencia sobre los tr\u00e1nsitos de los g\u00e9neros musicales entre Am\u00e9rica Latina y la Pen\u00ednsula Ib\u00e9rica: Universidad de Aveiro (Aveiro &#8211; Portugal)<\/li>\n<li>16 de marzo: concierto en Teatro Municipal de Matosinhos Constantino Nery<\/li>\n<\/ul>\n","protected":false},"excerpt":{"rendered":"<p>El proyecto propone una residencia art\u00edstica de tres semanas que re\u00fane a dos invitados internacionales -el guitarrista peruano Sergio Valdeos y el mandolinista e investigador brasile\u00f1o Pedro Arag\u00e3o- en el Clube do Choro de Oporto, un grupo formado por m\u00fasicos brasile\u00f1os y portugueses que viene trabajando intensamente en la difusi\u00f3n de las pr\u00e1cticas musicales luso-brasile\u00f1as [&hellip;]<\/p>\n","protected":false},"author":7,"featured_media":21625,"comment_status":"closed","ping_status":"closed","sticky":false,"template":"","format":"standard","meta":{"footnotes":""},"categories":[53],"tags":[],"class_list":["post-21624","post","type-post","status-publish","format-standard","has-post-thumbnail","hentry","category-noticias-generales"],"lang":"es","translations":{"es":21624},"pll_sync_post":[],"post_mailing_queue_ids":[],"_links":{"self":[{"href":"http:\/\/staging.ibermusicas.org\/index.php\/wp-json\/wp\/v2\/posts\/21624","targetHints":{"allow":["GET"]}}],"collection":[{"href":"http:\/\/staging.ibermusicas.org\/index.php\/wp-json\/wp\/v2\/posts"}],"about":[{"href":"http:\/\/staging.ibermusicas.org\/index.php\/wp-json\/wp\/v2\/types\/post"}],"author":[{"embeddable":true,"href":"http:\/\/staging.ibermusicas.org\/index.php\/wp-json\/wp\/v2\/users\/7"}],"replies":[{"embeddable":true,"href":"http:\/\/staging.ibermusicas.org\/index.php\/wp-json\/wp\/v2\/comments?post=21624"}],"version-history":[{"count":2,"href":"http:\/\/staging.ibermusicas.org\/index.php\/wp-json\/wp\/v2\/posts\/21624\/revisions"}],"predecessor-version":[{"id":21671,"href":"http:\/\/staging.ibermusicas.org\/index.php\/wp-json\/wp\/v2\/posts\/21624\/revisions\/21671"}],"wp:featuredmedia":[{"embeddable":true,"href":"http:\/\/staging.ibermusicas.org\/index.php\/wp-json\/wp\/v2\/media\/21625"}],"wp:attachment":[{"href":"http:\/\/staging.ibermusicas.org\/index.php\/wp-json\/wp\/v2\/media?parent=21624"}],"wp:term":[{"taxonomy":"category","embeddable":true,"href":"http:\/\/staging.ibermusicas.org\/index.php\/wp-json\/wp\/v2\/categories?post=21624"},{"taxonomy":"post_tag","embeddable":true,"href":"http:\/\/staging.ibermusicas.org\/index.php\/wp-json\/wp\/v2\/tags?post=21624"}],"curies":[{"name":"wp","href":"https:\/\/api.w.org\/{rel}","templated":true}]}}