{"id":21627,"date":"2025-02-27T21:15:37","date_gmt":"2025-02-27T21:15:37","guid":{"rendered":"http:\/\/staging.ibermusicas.org\/?p=21627"},"modified":"2025-03-27T17:56:55","modified_gmt":"2025-03-27T17:56:55","slug":"ja-comecou-a-residencia-choro-latino-no-clube-do-choro-do-porto-portugal-com-o-convite-de-sergio-valdeos-peru-e-pedro-aragao-brasil","status":"publish","type":"post","link":"http:\/\/staging.ibermusicas.org\/index.php\/ja-comecou-a-residencia-choro-latino-no-clube-do-choro-do-porto-portugal-com-o-convite-de-sergio-valdeos-peru-e-pedro-aragao-brasil\/","title":{"rendered":"J\u00e1 come\u00e7ou a Resid\u00eancia Choro Latino no Clube do Choro do Porto (Portugal) com o convite de Sergio Valdeos (Peru) e Pedro Arag\u00e3o (Brasil)"},"content":{"rendered":"<p>O projeto prop\u00f5e uma resid\u00eancia art\u00edstica de tr\u00eas semanas que re\u00fane dois convidados internacionais &#8211; o guitarrista peruano Sergio Valdeos e o bandolinista e investigador brasileiro Pedro Arag\u00e3o ao Clube do Choro de Porto, grupo formado por m\u00fasicos brasileiros e portugueses que tem desenvolvido um largo trabalho de dissemina\u00e7\u00e3o de pr\u00e1ticas musicais luso-brasileiras em Portugal.<\/p>\n<p>&nbsp;<\/p>\n<p>Durante a resid\u00eancia art\u00edstica ser\u00e3o ensaiadas doze composi\u00e7\u00f5es in\u00e9ditas de Sergio Valdeos, especialmente compostas para o Clube do Choro &#8211; Porto, baseadas em g\u00e9neros de m\u00fasica popular urbana da Am\u00e9rica Latina e Pen\u00ednsula Ib\u00e9rica recuperados a partir de pesquisa acad\u00eamica realizada por Pedro Arag\u00e3o, music\u00f3logo, professor da Universidade do Rio de Janeiro, bandolinista e especialista no estudo de tr\u00e2nsitos sonoros entre a Pen\u00ednsula Ib\u00e9rica e a Am\u00e9rica Latina.<\/p>\n<p>&nbsp;<\/p>\n<p>Sergio Valdeos \u00e9 guitarrista, arranjador e compositor com larga experi\u00eancia como int\u00e9rprete e acompanhador no \u00e2mbito da m\u00fasica latino-americana. Natural do Peru, trabalhou como violonista e arranjador com artistas renomados como Pilar de la Hoz, Susana Baca, Cecilia Barraza, Cecilia Bracamonte, Rosa Guzm\u00e1n, Eva Ayll\u00f3n, e Jean Marco. Fez parte de sua forma\u00e7\u00e3o musical no Brasil, sendo graduado em viol\u00e3o pela Universidade Federal do Rio de Janeiro (UFRJ). Em 2017 participou como arranjador e violonista junto a Rubem Blades em \u201cA Chabuca\u201d, produ\u00e7\u00e3o de homenagem a Chabuca Granda (nomeada ao Grammy em 2018). Em 2019 foi lan\u00e7ado \u201cA Chabuca 2\u201d, no qual participou como arranjador e violonista, junto ao cantor portugu\u00eas Ant\u00f3nio Zambujo. \u00c9 professor do Atheliers d\u00b4Ethnomusicologie (ADEM) em Genebra, Su\u00ed\u00e7a, onde ministra aulas de m\u00fasica latino-americana.<\/p>\n<p>&nbsp;<\/p>\n<p>Pedro Arag\u00e3o \u00e9 bandolinista, music\u00f3logo e professor do Instituto Villa-Lobos da Universidade do Rio de Janeiro (UNIRIO). Como bandolinista, realizou concertos e grava\u00e7\u00f5es com grandes nomes da m\u00fasica brasileira como Cristina Buarque de Hollanda, Elton Medeiros, M\u00f4nica Salmaso, Z\u00e9lia Duncan e Roberto Silva. Tem destacada atividade como investigador: \u00e9 organizador dos livros Pixinguinha, In\u00e9ditas e Redescobertas (Instituto Moreira Salles, 2012), Pixinguinha, Outras Pautas e Carnaval de Pixinguinha (Instituto Moreira Salles, 2014), voltadas para a recupera\u00e7\u00e3o de arranjos deste maestro e compositor brasileiro. \u00c9 autor do livro O Ba\u00fa do Animal, voltado para a hist\u00f3ria do choro no Brasil, vencedor do Pr\u00eamio Funarte de Produ\u00e7\u00e3o Cr\u00edtica em M\u00fasica e do Pr\u00eamio Silvio Romero (IPHAN) em 2013. Entre os anos de 2018 e 2023 trabalhou como Investigador Auxiliar na Universidade de Aveiro, onde atuou como coordenador do projeto LiberSound: Pr\u00e1ticas Inovadoras de Arquivamento para a Liberta\u00e7\u00e3o da Mem\u00f3ria Sonora, financiado pela FCT e que teve como objetivo o estudo dos tr\u00e2nsitos musicais entre pa\u00edses lus\u00f3fonos a partir de acervos de discos de gramofone. No \u00e2mbito do mesmo projeto, realizou em 2022 a s\u00e9rie de programas radiof\u00f3nicos Giro 78: Viagens Sonoras em Goma-Laca, transmitido pela r\u00e1dio Antena 2 em Portugal e pela R\u00e1dio Batuta do Instituto Moreira Salles (Brasil).<\/p>\n<p>&nbsp;<\/p>\n<p>Esse projeto foi premiado na chamada 2024 do Programa Iberm\u00fasicas na linha de Apoio a institui\u00e7\u00f5es para resid\u00eancias.<\/p>\n<p>&nbsp;<\/p>\n<ul>\n<li>24 de fevereiro a 17 de mar\u00e7o: resid\u00eancia no Centro Cultural STOP (Porto &#8211; Portugal)<\/li>\n<li>8 de mar\u00e7o: Workshop pr\u00e1tico sobre g\u00e9neros musicais ibero-americanos: Escola de M\u00fasica Guilhermina Suggia (Porto &#8211; Portugal)<\/li>\n<li>13 de mar\u00e7o: Palestra sobre os tr\u00e2nsitos de g\u00e9neros musicais entre a Am\u00e9rica Latina e a Pen\u00ednsula Ib\u00e9rica: Universidade de Aveiro (Aveiro &#8211; Portugal)<\/li>\n<li>16 de mar\u00e7o: concerto no Teatro Municipal de Matosinhos Constantino Nery<\/li>\n<\/ul>\n","protected":false},"excerpt":{"rendered":"<p>O projeto prop\u00f5e uma resid\u00eancia art\u00edstica de tr\u00eas semanas que re\u00fane dois convidados internacionais &#8211; o guitarrista peruano Sergio Valdeos e o bandolinista e investigador brasileiro Pedro Arag\u00e3o ao Clube do Choro de Porto, grupo formado por m\u00fasicos brasileiros e portugueses que tem desenvolvido um largo trabalho de dissemina\u00e7\u00e3o de pr\u00e1ticas musicais luso-brasileiras em Portugal. [&hellip;]<\/p>\n","protected":false},"author":7,"featured_media":21625,"comment_status":"closed","ping_status":"closed","sticky":false,"template":"","format":"standard","meta":{"footnotes":""},"categories":[218],"tags":[],"class_list":["post-21627","post","type-post","status-publish","format-standard","has-post-thumbnail","hentry","category-noticias-generales-pt"],"lang":"pt","translations":{"pt":21627},"pll_sync_post":[],"post_mailing_queue_ids":[],"_links":{"self":[{"href":"http:\/\/staging.ibermusicas.org\/index.php\/wp-json\/wp\/v2\/posts\/21627","targetHints":{"allow":["GET"]}}],"collection":[{"href":"http:\/\/staging.ibermusicas.org\/index.php\/wp-json\/wp\/v2\/posts"}],"about":[{"href":"http:\/\/staging.ibermusicas.org\/index.php\/wp-json\/wp\/v2\/types\/post"}],"author":[{"embeddable":true,"href":"http:\/\/staging.ibermusicas.org\/index.php\/wp-json\/wp\/v2\/users\/7"}],"replies":[{"embeddable":true,"href":"http:\/\/staging.ibermusicas.org\/index.php\/wp-json\/wp\/v2\/comments?post=21627"}],"version-history":[{"count":2,"href":"http:\/\/staging.ibermusicas.org\/index.php\/wp-json\/wp\/v2\/posts\/21627\/revisions"}],"predecessor-version":[{"id":21672,"href":"http:\/\/staging.ibermusicas.org\/index.php\/wp-json\/wp\/v2\/posts\/21627\/revisions\/21672"}],"wp:featuredmedia":[{"embeddable":true,"href":"http:\/\/staging.ibermusicas.org\/index.php\/wp-json\/wp\/v2\/media\/21625"}],"wp:attachment":[{"href":"http:\/\/staging.ibermusicas.org\/index.php\/wp-json\/wp\/v2\/media?parent=21627"}],"wp:term":[{"taxonomy":"category","embeddable":true,"href":"http:\/\/staging.ibermusicas.org\/index.php\/wp-json\/wp\/v2\/categories?post=21627"},{"taxonomy":"post_tag","embeddable":true,"href":"http:\/\/staging.ibermusicas.org\/index.php\/wp-json\/wp\/v2\/tags?post=21627"}],"curies":[{"name":"wp","href":"https:\/\/api.w.org\/{rel}","templated":true}]}}