{"id":21632,"date":"2025-02-27T21:20:44","date_gmt":"2025-02-27T21:20:44","guid":{"rendered":"http:\/\/staging.ibermusicas.org\/?p=21632"},"modified":"2025-03-27T17:56:45","modified_gmt":"2025-03-27T17:56:45","slug":"o-compositor-brasileiro-igor-maia-apresenta-um-workshop-e-um-concerto-com-o-quasars-ensemble-na-eslovaquia","status":"publish","type":"post","link":"http:\/\/staging.ibermusicas.org\/index.php\/o-compositor-brasileiro-igor-maia-apresenta-um-workshop-e-um-concerto-com-o-quasars-ensemble-na-eslovaquia\/","title":{"rendered":"O compositor brasileiro Igor Maia apresenta um workshop e um concerto com o Quasars Ensemble na Eslov\u00e1quia"},"content":{"rendered":"<p>Dentro da estrutura de sua resid\u00eancia art\u00edstica de tr\u00eas semanas com o Quasars Ensemble em Bratislava, Eslov\u00e1quia, Igor Maia est\u00e1 realizando v\u00e1rias atividades relacionadas \u00e0 cria\u00e7\u00e3o de seu novo trabalho intitulado \u201cTempo, Terra, Trama\u201d para um conjunto de oito m\u00fasicos.<\/p>\n<p>&nbsp;<\/p>\n<p>O foco da nova obra ser\u00e1 o conceito de tempo, explorando abordagens amer\u00edndias, refletindo sobre a relatividade e a passagem do tempo. A obra ser\u00e1 estreada em um concerto no Pequeno Est\u00fadio de Concertos da R\u00e1dio da Eslov\u00e1quia. Al\u00e9m disso, o compositor dar\u00e1 uma palestra e um workshop na Academy of Performing Arts in Bratislava.<\/p>\n<p>&nbsp;<\/p>\n<p>Igor Maia: compositor e regente nascido em Campinas (1988), \u00e9 professor adjunto de composi\u00e7\u00e3o na UFMG desde 2019. Doutor em composi\u00e7\u00e3o pelo King\u2019s College London (Inglaterra). Premiado em diversos concursos, suas obras foram apresentadas em festivais e concertos na Europa, nas Am\u00e9ricas e no Jap\u00e3o.<\/p>\n<p>&nbsp;<\/p>\n<p>Quasars Ensemble: fundado em 2008, \u00e9 um grupo eslovaco reconhecido por sua programa\u00e7\u00e3o inovadora, que combina m\u00fasica cl\u00e1ssica contempor\u00e2nea com obras raras de \u00e9pocas passadas. Conhecido por valorizar compositores eslovacos e colaborar com compositores renomados, o ensemble j\u00e1 se apresentou em diversos festivais como o Warsaw Autumn e o Ostrava Days, al\u00e9m de espa\u00e7os ic\u00f4nicos como o Flagey, em Bruxelas e o Gasteig em Munique.<\/p>\n<p>&nbsp;<\/p>\n<ul>\n<li>4 de mar\u00e7o, 18h15: Workshop en V\u0160MU, Room 121, 1st floor. Sochova 1, Bratislava, Eslovaquia<\/li>\n<li>5 de mar\u00e7o, 19h: Concerto do Quasars Ensemble no Studio STVR, M\u00fdtna 1, Bratislava, Eslov\u00e1quia<\/li>\n<\/ul>\n","protected":false},"excerpt":{"rendered":"<p>Dentro da estrutura de sua resid\u00eancia art\u00edstica de tr\u00eas semanas com o Quasars Ensemble em Bratislava, Eslov\u00e1quia, Igor Maia est\u00e1 realizando v\u00e1rias atividades relacionadas \u00e0 cria\u00e7\u00e3o de seu novo trabalho intitulado \u201cTempo, Terra, Trama\u201d para um conjunto de oito m\u00fasicos. &nbsp; O foco da nova obra ser\u00e1 o conceito de tempo, explorando abordagens amer\u00edndias, refletindo [&hellip;]<\/p>\n","protected":false},"author":7,"featured_media":21630,"comment_status":"closed","ping_status":"closed","sticky":false,"template":"","format":"standard","meta":{"footnotes":""},"categories":[218],"tags":[],"class_list":["post-21632","post","type-post","status-publish","format-standard","has-post-thumbnail","hentry","category-noticias-generales-pt"],"lang":"pt","translations":{"pt":21632},"pll_sync_post":[],"post_mailing_queue_ids":[],"_links":{"self":[{"href":"http:\/\/staging.ibermusicas.org\/index.php\/wp-json\/wp\/v2\/posts\/21632","targetHints":{"allow":["GET"]}}],"collection":[{"href":"http:\/\/staging.ibermusicas.org\/index.php\/wp-json\/wp\/v2\/posts"}],"about":[{"href":"http:\/\/staging.ibermusicas.org\/index.php\/wp-json\/wp\/v2\/types\/post"}],"author":[{"embeddable":true,"href":"http:\/\/staging.ibermusicas.org\/index.php\/wp-json\/wp\/v2\/users\/7"}],"replies":[{"embeddable":true,"href":"http:\/\/staging.ibermusicas.org\/index.php\/wp-json\/wp\/v2\/comments?post=21632"}],"version-history":[{"count":1,"href":"http:\/\/staging.ibermusicas.org\/index.php\/wp-json\/wp\/v2\/posts\/21632\/revisions"}],"predecessor-version":[{"id":21633,"href":"http:\/\/staging.ibermusicas.org\/index.php\/wp-json\/wp\/v2\/posts\/21632\/revisions\/21633"}],"wp:featuredmedia":[{"embeddable":true,"href":"http:\/\/staging.ibermusicas.org\/index.php\/wp-json\/wp\/v2\/media\/21630"}],"wp:attachment":[{"href":"http:\/\/staging.ibermusicas.org\/index.php\/wp-json\/wp\/v2\/media?parent=21632"}],"wp:term":[{"taxonomy":"category","embeddable":true,"href":"http:\/\/staging.ibermusicas.org\/index.php\/wp-json\/wp\/v2\/categories?post=21632"},{"taxonomy":"post_tag","embeddable":true,"href":"http:\/\/staging.ibermusicas.org\/index.php\/wp-json\/wp\/v2\/tags?post=21632"}],"curies":[{"name":"wp","href":"https:\/\/api.w.org\/{rel}","templated":true}]}}